{"id":15372,"date":"2015-05-20T11:44:13","date_gmt":"2015-05-20T16:44:13","guid":{"rendered":"https:\/\/radiowebmx.com\/nota\/?p=15372"},"modified":"2015-05-20T11:44:13","modified_gmt":"2015-05-20T16:44:13","slug":"apretaremos-el-paso-para-cambiar-a-morelia-en-grande-nacho-alvarado","status":"publish","type":"post","link":"https:\/\/radiowebmx.com\/nota\/apretaremos-el-paso-para-cambiar-a-morelia-en-grande-nacho-alvarado\/","title":{"rendered":"Apretaremos el paso para cambiar a Morelia en grande: Nacho Alvarado"},"content":{"rendered":"<p><span style=\"font-family: 'Arial Narrow', sans-serif;\">El candidato del PAN a la Presidencia Municipal de Morelia, Nacho Alvarado Laris, asever\u00f3 que a unos d\u00edas de la elecci\u00f3n para renovar la alcald\u00eda de la capital michoacana, \u201capretar\u00e1 el paso\u201d para que la totalidad de la poblaci\u00f3n conozca su propuesta para cambiar en grande a Morelia.<\/span><\/p>\n<p><span style=\"font-family: 'Arial Narrow', sans-serif;\">\u00a0<\/span><\/p>\n<p><span style=\"font-family: 'Arial Narrow', sans-serif;\">Nacho Alvarado dijo que durante su campa\u00f1a ha trabajado de forma intensa para tomar en consideraci\u00f3n las necesidades de los morelianos, porque su gobierno \u201cser\u00e1 de puertas abiertas para la ciudadan\u00eda y no ser\u00e1 un presidente que imponga sino que integre a la sociedad\u201d.<\/span><\/p>\n<p><span style=\"font-family: 'Arial Narrow', sans-serif;\">\u00a0<\/span><\/p>\n<p><span style=\"font-family: 'Arial Narrow', sans-serif;\">El candidato panista agreg\u00f3 que ser\u00e1n los ciudadanos quienes calificar\u00e1n su proyecto el pr\u00f3ximo 07 de junio, mismo que ha logrado tener una amplia y positiva aceptaci\u00f3n entre el electorado.<\/span><\/p>\n<p><span style=\"font-family: 'Arial Narrow', sans-serif;\">\u00a0<\/span><\/p>\n<p><span style=\"font-family: 'Arial Narrow', sans-serif;\">\u201cYo no calificar\u00e9 mi campa\u00f1a, yo estoy dando el cien por ciento de mi para ganar esta elecci\u00f3n, ser\u00e1n los ciudadanos quienes me calificar\u00e1n y me dar\u00e1n su voto este 7 de junio. Hemos recorrido pr\u00e1cticamente toda la ciudad y la zona rural porque tenemos unas enormes ganas de cambiar en grande Morelia\u201d, acot\u00f3 el candidato albiazul.<\/span><\/p>\n<p><span style=\"font-family: 'Arial Narrow', sans-serif;\">\u00a0<\/span><\/p>\n<p><span style=\"font-family: 'Arial Narrow', sans-serif;\">Nacho Alvarado coment\u00f3 que su gobierno estar\u00e1 cien por ciento de tiempo completo al servicio p\u00fablico para atender los problemas que la ciudadan\u00eda vive en Morelia sobre todo en materia de seguridad, infraestructura, empleo y servicios p\u00fablicos de calidad.<\/span><\/p>\n","protected":false},"excerpt":{"rendered":"<p>El candidato del PAN a la Presidencia Municipal de Morelia, Nacho Alvarado Laris, asever\u00f3 que a unos d\u00edas de la elecci\u00f3n para renovar la alcald\u00eda de la capital michoacana, \u201capretar\u00e1 el paso\u201d para que la totalidad de la poblaci\u00f3n conozca su propuesta para cambiar en grande a Morelia.<\/p>\n","protected":false},"author":1,"featured_media":15373,"comment_status":"open","ping_status":"open","sticky":false,"template":"","format":"standard","meta":{"footnotes":""},"categories":[14,13,11],"tags":[],"class_list":["post-15372","post","type-post","status-publish","format-standard","has-post-thumbnail","hentry","category-destacadas","category-pan","category-partidos-politicos"],"_links":{"self":[{"href":"https:\/\/radiowebmx.com\/nota\/wp-json\/wp\/v2\/posts\/15372","targetHints":{"allow":["GET"]}}],"collection":[{"href":"https:\/\/radiowebmx.com\/nota\/wp-json\/wp\/v2\/posts"}],"about":[{"href":"https:\/\/radiowebmx.com\/nota\/wp-json\/wp\/v2\/types\/post"}],"author":[{"embeddable":true,"href":"https:\/\/radiowebmx.com\/nota\/wp-json\/wp\/v2\/users\/1"}],"replies":[{"embeddable":true,"href":"https:\/\/radiowebmx.com\/nota\/wp-json\/wp\/v2\/comments?post=15372"}],"version-history":[{"count":2,"href":"https:\/\/radiowebmx.com\/nota\/wp-json\/wp\/v2\/posts\/15372\/revisions"}],"predecessor-version":[{"id":15375,"href":"https:\/\/radiowebmx.com\/nota\/wp-json\/wp\/v2\/posts\/15372\/revisions\/15375"}],"wp:featuredmedia":[{"embeddable":true,"href":"https:\/\/radiowebmx.com\/nota\/wp-json\/wp\/v2\/media\/15373"}],"wp:attachment":[{"href":"https:\/\/radiowebmx.com\/nota\/wp-json\/wp\/v2\/media?parent=15372"}],"wp:term":[{"taxonomy":"category","embeddable":true,"href":"https:\/\/radiowebmx.com\/nota\/wp-json\/wp\/v2\/categories?post=15372"},{"taxonomy":"post_tag","embeddable":true,"href":"https:\/\/radiowebmx.com\/nota\/wp-json\/wp\/v2\/tags?post=15372"}],"curies":[{"name":"wp","href":"https:\/\/api.w.org\/{rel}","templated":true}]}}