{"id":153,"date":"2012-11-07T12:03:26","date_gmt":"2012-11-07T18:03:26","guid":{"rendered":"https:\/\/radiowebmx.com\/nota\/?p=153"},"modified":"2012-11-07T12:03:26","modified_gmt":"2012-11-07T18:03:26","slug":"recibe-fausto-vallejo-a-embajador-de-espana-en-mexico%e2%80%8f","status":"publish","type":"post","link":"https:\/\/radiowebmx.com\/nota\/recibe-fausto-vallejo-a-embajador-de-espana-en-mexico%e2%80%8f\/","title":{"rendered":"RECIBE FAUSTO VALLEJO A EMBAJADOR DE ESPA\u00d1A EN M\u00c9XICO\u200f"},"content":{"rendered":"<p><img loading=\"lazy\" decoding=\"async\" class=\"alignleft\" src=\"http:\/\/img841.imageshack.us\/img841\/6117\/dsc0264rf.jpg\" alt=\"\" width=\"591\" height=\"257\" \/>El gobernador del estado de Michoac\u00e1n, Fausto Vallejo Figueroa, recibi\u00f3 en su despacho al\u00a0embajador de Espa\u00f1a en M\u00e9xico,Manuel Alabart Fern\u00e1ndez-Cavada, acompa\u00f1ado de su esposa\u00a0Cristina Spottorno\u00a0de\u00a0Fern\u00e1ndez, quien acudi\u00f3 a visitar al jefe del Ejecutivo estatal, con la finalidad de estrechar los lazos tur\u00edsticos y proponer la generaci\u00f3n de inversiones. Durante el encuentro tambi\u00e9n estuvo presente\u00a0\u00a0<em>Alfonso G\u00f3mez Sanz<\/em>,\u00a0<em>c\u00f3nsul<\/em>\u00a0honorario de\u00a0<em>Espa\u00f1a<\/em>\u00a0en Michoac\u00e1n.<\/p>\n","protected":false},"excerpt":{"rendered":"<p>El gobernador del estado de Michoac\u00e1n, Fausto Vallejo Figueroa, recibi\u00f3 en su despacho al\u00a0embajador de Espa\u00f1a en M\u00e9xico,Manuel Alabart Fern\u00e1ndez-Cavada, acompa\u00f1ado de su esposa\u00a0Cristina Spottorno\u00a0de\u00a0Fern\u00e1ndez, quien acudi\u00f3 a visitar al jefe del Ejecutivo estatal, con la finalidad de estrechar los lazos tur\u00edsticos y proponer la generaci\u00f3n de inversiones. Durante el encuentro tambi\u00e9n estuvo presente\u00a0\u00a0Alfonso G\u00f3mez [&hellip;]<\/p>\n","protected":false},"author":1,"featured_media":0,"comment_status":"open","ping_status":"open","sticky":false,"template":"","format":"standard","meta":{"footnotes":""},"categories":[3],"tags":[],"class_list":["post-153","post","type-post","status-publish","format-standard","hentry","category-gobierno-del-estado-de-michoacan"],"_links":{"self":[{"href":"https:\/\/radiowebmx.com\/nota\/wp-json\/wp\/v2\/posts\/153","targetHints":{"allow":["GET"]}}],"collection":[{"href":"https:\/\/radiowebmx.com\/nota\/wp-json\/wp\/v2\/posts"}],"about":[{"href":"https:\/\/radiowebmx.com\/nota\/wp-json\/wp\/v2\/types\/post"}],"author":[{"embeddable":true,"href":"https:\/\/radiowebmx.com\/nota\/wp-json\/wp\/v2\/users\/1"}],"replies":[{"embeddable":true,"href":"https:\/\/radiowebmx.com\/nota\/wp-json\/wp\/v2\/comments?post=153"}],"version-history":[{"count":2,"href":"https:\/\/radiowebmx.com\/nota\/wp-json\/wp\/v2\/posts\/153\/revisions"}],"predecessor-version":[{"id":155,"href":"https:\/\/radiowebmx.com\/nota\/wp-json\/wp\/v2\/posts\/153\/revisions\/155"}],"wp:attachment":[{"href":"https:\/\/radiowebmx.com\/nota\/wp-json\/wp\/v2\/media?parent=153"}],"wp:term":[{"taxonomy":"category","embeddable":true,"href":"https:\/\/radiowebmx.com\/nota\/wp-json\/wp\/v2\/categories?post=153"},{"taxonomy":"post_tag","embeddable":true,"href":"https:\/\/radiowebmx.com\/nota\/wp-json\/wp\/v2\/tags?post=153"}],"curies":[{"name":"wp","href":"https:\/\/api.w.org\/{rel}","templated":true}]}}