{"id":15085,"date":"2015-05-07T10:46:27","date_gmt":"2015-05-07T15:46:27","guid":{"rendered":"https:\/\/radiowebmx.com\/nota\/?p=15085"},"modified":"2015-05-07T10:46:59","modified_gmt":"2015-05-07T15:46:59","slug":"15085","status":"publish","type":"post","link":"https:\/\/radiowebmx.com\/nota\/15085\/","title":{"rendered":"En mi gobierno se va a terminar el pirataje en el transporte p\u00fablico: Silvano\u200f"},"content":{"rendered":"<p>Silvano Aureoles Conejo sostuvo una reuni\u00f3n m\u00e1s de cien l\u00edderes e integrantes del COMIT donde se comprometi\u00f3 a que durante su gobierno se erradicar\u00e1 el pirataje en las 18 modalidades de transporte p\u00fablico del estado.<\/p>\n<p>&nbsp;<\/p>\n<p>\u201cSe va acabar esa danza, vamos a poner las cosas en su lugar a partir del 1 de octubre, porque de lo que se trata es justamente que caminemos hacia adelante\u201d, afirm\u00f3 Silvano, acompa\u00f1ado tambi\u00e9n por el candidato a presidente municipal de Morelia, Ra\u00fal Mor\u00f3n Orozco.<\/p>\n<p>&nbsp;<\/p>\n<p>El candidato de los michoacanos asegur\u00f3 que para esto los miembros de la Corporaci\u00f3n Michoacana de Transportistas de Transporte Suburbano y For\u00e1neo A.C deben trabajar de la mano y as\u00ed sacar a Michoac\u00e1n adelante. Abund\u00f3 que lo que pas\u00f3 en la actual administraci\u00f3n con el tema del transporte fue por la desatenci\u00f3n que se tuvo y la centralizaci\u00f3n del gobierno. Por ello dijo que despachar\u00e1 desde ocho oficinas para poner atenci\u00f3n en \u00e9ste y otros temas.<\/p>\n<p>&nbsp;<\/p>\n<p>\u201cVoy a descentralizar la oficina del gobernador. Voy a despachar en ochos puntos distintos; en la Costa, en Sahuayo, en Zamora, en Uruapan, en Apatzing\u00e1n, en L\u00e1zaro C\u00e1rdenas, en Huetamo y en Zit\u00e1cuaro\u201d, inform\u00f3 tambi\u00e9n que ayudar\u00e1 a los transportistas con seguridad social, un proyecto de modernizaci\u00f3n y restructuraci\u00f3n, ayudar\u00e1 a que tengan certeza jur\u00eddica,\u00a0 apoyos para los que no cuenten con una vivienda digna, la capacitaci\u00f3n de los conductores y el pase semestral de la revista sin pago.<\/p>\n<p>&nbsp;<\/p>\n<p>Entre los presentes estuvieron Marco Antonio Saucedo, Presidente del Consejo de Administraci\u00f3n, Juan Carlos Guillen Ram\u00edrez, Secretario del Consejo de Administraci\u00f3n del COMIT y Jorge Roberto Soto N\u00fa\u00f1ez, Tesorero del Consejo de Administraci\u00f3n de COMIT.<\/p>\n","protected":false},"excerpt":{"rendered":"<p>SAC sostuvo una reuni\u00f3n m\u00e1s de cien l\u00edderes e integrantes del COMIT donde se comprometi\u00f3 a que durante su gobierno se erradicar\u00e1 el pirataje en las 18 modalidades de transporte p\u00fablico del estado. \u201cSe va acabar esa danza, vamos a poner las cosas en su lugar a partir del 1 de octubre, porque de lo que se trata es justamente que caminemos hacia adelante\u201d, afirm\u00f3 Silvano,<\/p>\n","protected":false},"author":1,"featured_media":15086,"comment_status":"open","ping_status":"open","sticky":false,"template":"","format":"standard","meta":{"footnotes":""},"categories":[14,11,15],"tags":[],"class_list":["post-15085","post","type-post","status-publish","format-standard","has-post-thumbnail","hentry","category-destacadas","category-partidos-politicos","category-prd"],"_links":{"self":[{"href":"https:\/\/radiowebmx.com\/nota\/wp-json\/wp\/v2\/posts\/15085","targetHints":{"allow":["GET"]}}],"collection":[{"href":"https:\/\/radiowebmx.com\/nota\/wp-json\/wp\/v2\/posts"}],"about":[{"href":"https:\/\/radiowebmx.com\/nota\/wp-json\/wp\/v2\/types\/post"}],"author":[{"embeddable":true,"href":"https:\/\/radiowebmx.com\/nota\/wp-json\/wp\/v2\/users\/1"}],"replies":[{"embeddable":true,"href":"https:\/\/radiowebmx.com\/nota\/wp-json\/wp\/v2\/comments?post=15085"}],"version-history":[{"count":2,"href":"https:\/\/radiowebmx.com\/nota\/wp-json\/wp\/v2\/posts\/15085\/revisions"}],"predecessor-version":[{"id":15088,"href":"https:\/\/radiowebmx.com\/nota\/wp-json\/wp\/v2\/posts\/15085\/revisions\/15088"}],"wp:featuredmedia":[{"embeddable":true,"href":"https:\/\/radiowebmx.com\/nota\/wp-json\/wp\/v2\/media\/15086"}],"wp:attachment":[{"href":"https:\/\/radiowebmx.com\/nota\/wp-json\/wp\/v2\/media?parent=15085"}],"wp:term":[{"taxonomy":"category","embeddable":true,"href":"https:\/\/radiowebmx.com\/nota\/wp-json\/wp\/v2\/categories?post=15085"},{"taxonomy":"post_tag","embeddable":true,"href":"https:\/\/radiowebmx.com\/nota\/wp-json\/wp\/v2\/tags?post=15085"}],"curies":[{"name":"wp","href":"https:\/\/api.w.org\/{rel}","templated":true}]}}