{"id":14851,"date":"2015-04-28T12:33:49","date_gmt":"2015-04-28T17:33:49","guid":{"rendered":"https:\/\/radiowebmx.com\/nota\/?p=14851"},"modified":"2015-04-28T12:33:49","modified_gmt":"2015-04-28T17:33:49","slug":"inauguran-centro-emprendedor-del-cbtis-149","status":"publish","type":"post","link":"https:\/\/radiowebmx.com\/nota\/inauguran-centro-emprendedor-del-cbtis-149\/","title":{"rendered":"INAUGURAN CENTRO EMPRENDEDOR DEL CBTIS 149"},"content":{"rendered":"<p>Con el objetivo de brindar herramientas a la comunidad estudiantil para el desarrollo de competencias que les permitan una inserci\u00f3n exitosa en el campo laboral, as\u00ed como mejores oportunidades de autoempleo y formaci\u00f3n de organizaciones que empleen a otros j\u00f3venes michoacanos, se inaugur\u00f3 el Centro Emprendedor de la Educaci\u00f3n Media Superior (CEEMS) del Centro de Bachillerato Tecnol\u00f3gico, Industrial y de Servicios (CBTIS) 149, en esta ciudad de Morelia.<\/p>\n<p>Juli\u00e1n Galeana Ben\u00edtez, subdirector de Enlace Operativo de la Direcci\u00f3n General de Educaci\u00f3n Tecnol\u00f3gica Industrial (DGETI) en el estado, destac\u00f3 que en este nuevo Centro Emprendedor los j\u00f3venes desarrollar\u00e1n sus ideas para que lleven a cabo proyectos y trabajen de forma colaborativa, lo que ser\u00e1 un complemento a lo que aprenden en las aulas.<\/p>\n<p>Tambi\u00e9n, apunt\u00f3 que en pr\u00f3ximos d\u00edas se concluir\u00e1 la apertura de los otros 4 Centros dentro de los planteles que hay en Michoac\u00e1n, como son el CBTIS 94 de P\u00e1tzcuaro, el CETIS 34 de L\u00e1zaro C\u00e1rdenas, el CBTIS 162 de Zit\u00e1cuaro y el CBTIS 84 de La Piedad, \u201clo que ayudar\u00e1 a cumplir la meta de este a\u00f1o, que es abrir Centros en 172 planteles de la DGETI en el pa\u00eds\u201d.<\/p>\n<p>Por su parte, el representante de la Subsecretar\u00eda de Educaci\u00f3n Media Superior (SEMS) en la entidad, Mart\u00edn Espinoza Vidales, detall\u00f3 que es una iniciativa que se arranc\u00f3 desde hace dos a\u00f1os a nivel nacional, como una oportunidad del sector educativo para apoyar la creatividad de los j\u00f3venes.<\/p>\n<p>Afirm\u00f3 que el principal objetivo es evitar el desempleo o que los egresados se dediquen a algo que no est\u00e9 relacionado con su \u00e1rea de estudios; \u201caprender\u00e1n a organizarse, a dar forma a su creatividad, a aterrizar sus ideas y a cristalizarlas para ser sus propios patrones, Michoac\u00e1n requiere de j\u00f3venes que tengan el valor de emprender, y\u00a0 esta es una gran oportunidad\u201d, expres\u00f3 Espinoza Vidales.<\/p>\n<p>Finalmente, el director del CBTIS 149, Jes\u00fas Coronado Garc\u00eda, invit\u00f3 a los alumnos a aprovechar las nuevas oportunidades que les brinda este Centro y a desarrollar los proyectos que los llevar\u00e1n a alcanzar sus sue\u00f1os, \u201cemprender es atreverse a ser diferentes, es innovar y responsabilizarse en trabajar de manera constante\u201d, concluy\u00f3.<\/p>\n<p>En el evento inaugural tambi\u00e9n estuvieron presentes, Zennia Saavedra Romero, coordinadora del CEEMS; Laura Liliana Z\u00fa\u00f1iga Baca, coordinadora del Programa de Emprendimiento de la UTEC; Roc\u00edo Villegas Arroyo, jefa de Vinculaci\u00f3n de la Subdirecci\u00f3n de Enlace Operativo de la DGETI; Antonio Oliver Reynoso, director del Centro de Innovaci\u00f3n y Desarrollo Tecnol\u00f3gico de la Industria de la Construcci\u00f3n; Gerardo Sal\u00edn Vaca, director de Impulsa Michoac\u00e1n; as\u00ed como personal docente y alumnos de la instituci\u00f3n.<\/p>\n","protected":false},"excerpt":{"rendered":"<p>En pr\u00f3ximos d\u00edas se concluir\u00e1 la apertura de los otros 4 Centros dentro de los planteles de la DGETI que hay en Michoac\u00e1n.<\/p>\n","protected":false},"author":1,"featured_media":14852,"comment_status":"open","ping_status":"open","sticky":false,"template":"","format":"standard","meta":{"footnotes":""},"categories":[14,3],"tags":[],"class_list":["post-14851","post","type-post","status-publish","format-standard","has-post-thumbnail","hentry","category-destacadas","category-gobierno-del-estado-de-michoacan"],"_links":{"self":[{"href":"https:\/\/radiowebmx.com\/nota\/wp-json\/wp\/v2\/posts\/14851","targetHints":{"allow":["GET"]}}],"collection":[{"href":"https:\/\/radiowebmx.com\/nota\/wp-json\/wp\/v2\/posts"}],"about":[{"href":"https:\/\/radiowebmx.com\/nota\/wp-json\/wp\/v2\/types\/post"}],"author":[{"embeddable":true,"href":"https:\/\/radiowebmx.com\/nota\/wp-json\/wp\/v2\/users\/1"}],"replies":[{"embeddable":true,"href":"https:\/\/radiowebmx.com\/nota\/wp-json\/wp\/v2\/comments?post=14851"}],"version-history":[{"count":1,"href":"https:\/\/radiowebmx.com\/nota\/wp-json\/wp\/v2\/posts\/14851\/revisions"}],"predecessor-version":[{"id":14853,"href":"https:\/\/radiowebmx.com\/nota\/wp-json\/wp\/v2\/posts\/14851\/revisions\/14853"}],"wp:featuredmedia":[{"embeddable":true,"href":"https:\/\/radiowebmx.com\/nota\/wp-json\/wp\/v2\/media\/14852"}],"wp:attachment":[{"href":"https:\/\/radiowebmx.com\/nota\/wp-json\/wp\/v2\/media?parent=14851"}],"wp:term":[{"taxonomy":"category","embeddable":true,"href":"https:\/\/radiowebmx.com\/nota\/wp-json\/wp\/v2\/categories?post=14851"},{"taxonomy":"post_tag","embeddable":true,"href":"https:\/\/radiowebmx.com\/nota\/wp-json\/wp\/v2\/tags?post=14851"}],"curies":[{"name":"wp","href":"https:\/\/api.w.org\/{rel}","templated":true}]}}