{"id":14842,"date":"2015-04-28T12:17:48","date_gmt":"2015-04-28T17:17:48","guid":{"rendered":"https:\/\/radiowebmx.com\/nota\/?p=14842"},"modified":"2015-04-28T12:17:48","modified_gmt":"2015-04-28T17:17:48","slug":"anuncian-jornadas-de-divulgacion-de-ciencia-y-tecnologia-ciencia-en-accion-2015","status":"publish","type":"post","link":"https:\/\/radiowebmx.com\/nota\/anuncian-jornadas-de-divulgacion-de-ciencia-y-tecnologia-ciencia-en-accion-2015\/","title":{"rendered":"ANUNCIAN JORNADAS DE DIVULGACI\u00d3N DE CIENCIA Y TECNOLOG\u00cdA \u201cCIENCIA EN ACCI\u00d3N\u201d 2015"},"content":{"rendered":"<p>La Secretar\u00eda de Educaci\u00f3n en el estado, a trav\u00e9s de la Direcci\u00f3n General de Desarrollo e Investigaci\u00f3n Educativa, desarrollar\u00e1n \u00a0las Jornadas de Divulgaci\u00f3n de Ciencia y Tecnolog\u00eda 2015 los d\u00edas 29 y 30 de abril en las instalaciones del Planetario de Morelia \u201cFelipe Rivera\u201d.<\/p>\n<p>Las jornadas \u201cCiencia en acci\u00f3n\u201d \u00a0tienen el objetivo de acercar a los estudiantes de Educaci\u00f3n B\u00e1sica y Media Superior, as\u00ed como a la sociedad en general al conocimiento de la ciencia y la tecnolog\u00eda de manera l\u00fadica, sin perder la rigurosidad de los conceptos y procesos.<\/p>\n<p>Las Jornadas se desarrollar\u00e1n en un horario de 9:00 a 18:00 horas, el primer d\u00eda, y de 9:00 a 14:00 horas el segundo d\u00eda. Se espera atender a estudiantes de Educaci\u00f3n B\u00e1sica y Media Superior, quienes de manera programada podr\u00e1n participar en 12 conferencias, 8 talleres, 63 exhibiciones y demostraciones experimentales, 8 proyectos interactivos y 1 noche astron\u00f3mica.<\/p>\n<p>La Direcci\u00f3n General de Desarrollo e Investigaci\u00f3n Educativa puntualiz\u00f3 que se abordar\u00e1n diversos temas, conceptos y fen\u00f3menos en las diferentes modalidades de divulgaci\u00f3n, a efecto de\u00a0 posibilitar la participaci\u00f3n activa de estudiantes, profesores y usuarios, con miras a contextualizar el medio social y cultural de nuestro estado como complemento a los procesos de ense\u00f1anza-aprendizaje que se desarrollan en las aulas.<\/p>\n<p>Promover una cultura de la ciencia y la tecnolog\u00eda en el \u00e1mbito acad\u00e9mico, pero tambi\u00e9n su uso y aplicaci\u00f3n en la vida cotidiana, as\u00ed como en la atenci\u00f3n a problemas que afectan a la sociedad son los principales objetivos de estas jornadas.<\/p>\n<p>La ciencia y la tecnolog\u00eda son un producto social din\u00e1mico, por lo que es fundamental impulsar este tipo de jornadas para difundir los conocimientos cl\u00e1sicos, nuevos descubrimientos y avances, a trav\u00e9s del contacto directo con investigadores, divulgadores y acad\u00e9micos pertenecientes a institutos, centros de investigaci\u00f3n, instituciones de educaci\u00f3n superior y organizaciones de la sociedad civil que se han sumado a este proyecto estrat\u00e9gico desde su \u00e1rea de conocimiento.<\/p>\n<p>Las instituciones participantes ofrecer\u00e1n conferencias, exhibiciones y demostraciones experimentales relacionadas con temas sobre anfibios y reptiles, insectos y alacranes, artr\u00f3podos, basura, lombricomposta, asepsia, calentador solar, motores,\u00a0 part\u00edculas elementales, \u00a0robots, sismos, volcanes y c\u00f3dices, entre otros.<\/p>\n<p>Las Jornadas se realizan en colaboraci\u00f3n con la Universidad Michoacana de San Nicol\u00e1s de Hidalgo (UMSNH), a trav\u00e9s de las facultades de Biolog\u00eda, Ingenier\u00eda Civil, Agrobiolog\u00eda, Ingenier\u00eda El\u00e9ctrica, el instituto de F\u00edsica y Matem\u00e1ticas, el Instituto de Investigaciones Agropecuarias y Forestales, el Instituto de Investigaciones Metal\u00fargicas, el Instituto de Investigaciones sobre los Recursos Naturales y\u00a0 la preparatoria No. 3 \u201cJos\u00e9 Ma. Morelos y Pav\u00f3n\u201d.<\/p>\n<p>Cabe resaltar que a trav\u00e9s del Programa Ciencia en Acci\u00f3n, se han realizado Jornadas de Divulgaci\u00f3n\u00a0 de Ciencia y Tecnolog\u00eda en los municipios de Churumuco, Nocup\u00e9taro, Benito Ju\u00e1rez y que en la ciudad de Morelia es la tercera vez que se realizan, por lo que se ha logrado atender a 16,000 participantes, aproximadamente.<\/p>\n","protected":false},"excerpt":{"rendered":"<p>La Secretar\u00eda de Educaci\u00f3n en el estado, a trav\u00e9s de la Direcci\u00f3n General de Desarrollo e Investigaci\u00f3n Educativa, desarrollar\u00e1n  las Jornadas de Divulgaci\u00f3n de Ciencia y Tecnolog\u00eda 2015 los d\u00edas 29 y 30 de abril en las instalaciones del Planetario de Morelia \u201cFelipe Rivera\u201d.<\/p>\n","protected":false},"author":1,"featured_media":14843,"comment_status":"open","ping_status":"open","sticky":false,"template":"","format":"standard","meta":{"footnotes":""},"categories":[14,3],"tags":[],"class_list":["post-14842","post","type-post","status-publish","format-standard","has-post-thumbnail","hentry","category-destacadas","category-gobierno-del-estado-de-michoacan"],"_links":{"self":[{"href":"https:\/\/radiowebmx.com\/nota\/wp-json\/wp\/v2\/posts\/14842","targetHints":{"allow":["GET"]}}],"collection":[{"href":"https:\/\/radiowebmx.com\/nota\/wp-json\/wp\/v2\/posts"}],"about":[{"href":"https:\/\/radiowebmx.com\/nota\/wp-json\/wp\/v2\/types\/post"}],"author":[{"embeddable":true,"href":"https:\/\/radiowebmx.com\/nota\/wp-json\/wp\/v2\/users\/1"}],"replies":[{"embeddable":true,"href":"https:\/\/radiowebmx.com\/nota\/wp-json\/wp\/v2\/comments?post=14842"}],"version-history":[{"count":1,"href":"https:\/\/radiowebmx.com\/nota\/wp-json\/wp\/v2\/posts\/14842\/revisions"}],"predecessor-version":[{"id":14844,"href":"https:\/\/radiowebmx.com\/nota\/wp-json\/wp\/v2\/posts\/14842\/revisions\/14844"}],"wp:featuredmedia":[{"embeddable":true,"href":"https:\/\/radiowebmx.com\/nota\/wp-json\/wp\/v2\/media\/14843"}],"wp:attachment":[{"href":"https:\/\/radiowebmx.com\/nota\/wp-json\/wp\/v2\/media?parent=14842"}],"wp:term":[{"taxonomy":"category","embeddable":true,"href":"https:\/\/radiowebmx.com\/nota\/wp-json\/wp\/v2\/categories?post=14842"},{"taxonomy":"post_tag","embeddable":true,"href":"https:\/\/radiowebmx.com\/nota\/wp-json\/wp\/v2\/tags?post=14842"}],"curies":[{"name":"wp","href":"https:\/\/api.w.org\/{rel}","templated":true}]}}