{"id":14815,"date":"2015-04-27T11:25:21","date_gmt":"2015-04-27T16:25:21","guid":{"rendered":"https:\/\/radiowebmx.com\/nota\/?p=14815"},"modified":"2015-04-27T11:25:21","modified_gmt":"2015-04-27T16:25:21","slug":"con-el-gusto-de-saludarlos-les-compartimos-la-informacion-generada-durante-la-gira-rural-del-candidato-carlos-rio-valencia","status":"publish","type":"post","link":"https:\/\/radiowebmx.com\/nota\/con-el-gusto-de-saludarlos-les-compartimos-la-informacion-generada-durante-la-gira-rural-del-candidato-carlos-rio-valencia\/","title":{"rendered":"CON EL GUSTO DE SALUDARLOS LES COMPARTIMOS LA INFORMACION GENERADA  DURANTE LA GIRA RURAL DEL CANDIDATO CARLOS RIO  VALENCIA"},"content":{"rendered":"<div>Conocedor de la importancia del deporte para el sano desarrollo de la juventud moreliana, \u00e9sta tarde, el candidato a la Presidencia Municipal, Carlos R\u00edo Valencia atendi\u00f3 la invitaci\u00f3n de j\u00f3venes luchadores y boxeadores que ofrecieron una funci\u00f3n de exhibici\u00f3n en el Club de Box Guerrerros, quienes adem\u00e1s escucharon la propuesta de compromisos del abanderado de los partidos del Trabajo y Encuentro Social.<\/div>\n<div>\n<p>Durante su mensaje, invit\u00f3 a los deportistas a no otorgar su voto sin antes razonarlo, sin antes escuchar las propuestas y compromisos de los diversos aspirantes, ya que para el progreso de Morelia hacen falta m\u00e1s que falsas promesas, &#8220;ustedes ya no necesitan que vengan a decirles que les hace falta, lo saben desde hace mucho tiempo, lo que les hace falta son soluciones, mas y mejores espacios deportivos, y yo tengo la experiencia para impulsar el talento de los deportistas morelianos y con ello generar las condiciones que contribuyan a mejorar la calidad de vida de todas y todos&#8221; asever\u00f3 el candidato.<\/p>\n<p>Adem\u00e1s se comprometi\u00f3 a que durante su Gobierno, se mejorar\u00e1n y dignificar\u00e1n los espacios deportivos, al mismo tiempo que reconoci\u00f3 el esfuerzo de los j\u00f3venes quienes realizan un esfuerzo por ejercitarse en medio de la carencia que enfrentan, pero se comprometi\u00f3 a que &#8211;con el respaldo de su voto&#8211; a partir del mes de octubre &#8220;tendr\u00e1n a\u00f1os de buen gobierno&#8221;.<\/p>\n<p>Adolfo Santiba\u00f1ez, propietario del lugar, dio la bienvenida a los politicos que se encuentran en campa\u00f1a, dado a que el encuentro se di\u00f3 en la demarcacion del Octavo Distrito Federal, Carlos R\u00edo Valencia fue acompa\u00f1ado por Lupita Herrera, candidata a diputada federal por el Partido del Trabajo.<\/p>\n<\/div>\n","protected":false},"excerpt":{"rendered":"<p>Conocedor de la importancia del deporte para el sano desarrollo de la juventud moreliana, \u00e9sta tarde, el candidato a la Presidencia Municipal, Carlos R\u00edo Valencia atendi\u00f3 la invitaci\u00f3n de j\u00f3venes luchadores y boxeadores que ofrecieron una funci\u00f3n de exhibici\u00f3n en el Club de Box Guerrerros,<\/p>\n","protected":false},"author":1,"featured_media":14816,"comment_status":"open","ping_status":"open","sticky":false,"template":"","format":"standard","meta":{"footnotes":""},"categories":[14,11],"tags":[],"class_list":["post-14815","post","type-post","status-publish","format-standard","has-post-thumbnail","hentry","category-destacadas","category-partidos-politicos"],"_links":{"self":[{"href":"https:\/\/radiowebmx.com\/nota\/wp-json\/wp\/v2\/posts\/14815","targetHints":{"allow":["GET"]}}],"collection":[{"href":"https:\/\/radiowebmx.com\/nota\/wp-json\/wp\/v2\/posts"}],"about":[{"href":"https:\/\/radiowebmx.com\/nota\/wp-json\/wp\/v2\/types\/post"}],"author":[{"embeddable":true,"href":"https:\/\/radiowebmx.com\/nota\/wp-json\/wp\/v2\/users\/1"}],"replies":[{"embeddable":true,"href":"https:\/\/radiowebmx.com\/nota\/wp-json\/wp\/v2\/comments?post=14815"}],"version-history":[{"count":1,"href":"https:\/\/radiowebmx.com\/nota\/wp-json\/wp\/v2\/posts\/14815\/revisions"}],"predecessor-version":[{"id":14817,"href":"https:\/\/radiowebmx.com\/nota\/wp-json\/wp\/v2\/posts\/14815\/revisions\/14817"}],"wp:featuredmedia":[{"embeddable":true,"href":"https:\/\/radiowebmx.com\/nota\/wp-json\/wp\/v2\/media\/14816"}],"wp:attachment":[{"href":"https:\/\/radiowebmx.com\/nota\/wp-json\/wp\/v2\/media?parent=14815"}],"wp:term":[{"taxonomy":"category","embeddable":true,"href":"https:\/\/radiowebmx.com\/nota\/wp-json\/wp\/v2\/categories?post=14815"},{"taxonomy":"post_tag","embeddable":true,"href":"https:\/\/radiowebmx.com\/nota\/wp-json\/wp\/v2\/tags?post=14815"}],"curies":[{"name":"wp","href":"https:\/\/api.w.org\/{rel}","templated":true}]}}