{"id":14805,"date":"2015-04-27T11:04:13","date_gmt":"2015-04-27T16:04:13","guid":{"rendered":"https:\/\/radiowebmx.com\/nota\/?p=14805"},"modified":"2015-04-27T11:04:32","modified_gmt":"2015-04-27T16:04:32","slug":"exige-salvador-abud-respeto-a-las-instalaciones-municipales","status":"publish","type":"post","link":"https:\/\/radiowebmx.com\/nota\/exige-salvador-abud-respeto-a-las-instalaciones-municipales\/","title":{"rendered":"Exige Salvador Abud respeto a las Instalaciones municipales"},"content":{"rendered":"<p>El presidente municipal de Morelia, Salvador Abud Mirabent exigi\u00f3 respeto a las instalaciones del Ayuntamiento, para que \u00e9stas no sean utilizadas para otro fin que no sea el de dar servicios a la comunidad.<\/p>\n<p>Al t\u00e9rmino de la carrera atl\u00e9tica de la Casa Hogar Emaus, el edil moreliano fue cuestionado respecto a la presencia de un candidato en las instalaciones del Auditorio Municipal, puntualiz\u00f3 que se est\u00e1n realizando las indagaciones correspondientes, aunque la informaci\u00f3n de que se dispone hasta el momento, se\u00f1ala que se facilitaron las instalaciones a la Liga Municipal de Voleibol con la finalidad de inaugurar las competencias de la misma, por lo que si convocaron a alg\u00fan candidato, fue una decisi\u00f3n de los organizadores.<\/p>\n<p>Lo que es insoslayable \u2013sostuvo- es que se deber\u00e1 iniciar una investigaci\u00f3n para deslindar responsabilidades y recalc\u00f3 que el Ayuntamiento no fue informado respecto a las personas que asistir\u00edan al evento y mucho menos sobre alguna acci\u00f3n de tipo proselitista por parte de los organizadores de la actividad, pues originalmente s\u00f3lo estaba la inauguraci\u00f3n de competencias.<\/p>\n<p>Abud Mirabent indic\u00f3 que se considera presentar ante el Cabido de Morelia una propuesta para ajustar el dictamen que proh\u00edbe a funcionarios y servidores p\u00fablicos a hacer proselitismo y usar los recursos p\u00fablicos a favor de una coalici\u00f3n, partido o candidato a elecci\u00f3n popular.<\/p>\n<p>Coment\u00f3 que m\u00e1s all\u00e1 de establecer nuevas prohibiciones, se trata de vigilar que los servidores p\u00fablicos, material, logos o incluso los celulares no, sean usados con fines partidistas. La propuesta del nuevo dictamen electoral para el Ayuntamiento de Morelia, estar\u00e1 ajustada a la normatividad electoral, explic\u00f3.<\/p>\n","protected":false},"excerpt":{"rendered":"<p>El presidente municipal de Morelia, Salvador Abud Mirabent exigi\u00f3 respeto a las instalaciones del Ayuntamiento, para que \u00e9stas no sean utilizadas para otro fin que no sea el de dar servicios a la comunidad.<\/p>\n","protected":false},"author":1,"featured_media":14806,"comment_status":"open","ping_status":"open","sticky":false,"template":"","format":"standard","meta":{"footnotes":""},"categories":[14,9],"tags":[],"class_list":["post-14805","post","type-post","status-publish","format-standard","has-post-thumbnail","hentry","category-destacadas","category-morelia"],"_links":{"self":[{"href":"https:\/\/radiowebmx.com\/nota\/wp-json\/wp\/v2\/posts\/14805","targetHints":{"allow":["GET"]}}],"collection":[{"href":"https:\/\/radiowebmx.com\/nota\/wp-json\/wp\/v2\/posts"}],"about":[{"href":"https:\/\/radiowebmx.com\/nota\/wp-json\/wp\/v2\/types\/post"}],"author":[{"embeddable":true,"href":"https:\/\/radiowebmx.com\/nota\/wp-json\/wp\/v2\/users\/1"}],"replies":[{"embeddable":true,"href":"https:\/\/radiowebmx.com\/nota\/wp-json\/wp\/v2\/comments?post=14805"}],"version-history":[{"count":3,"href":"https:\/\/radiowebmx.com\/nota\/wp-json\/wp\/v2\/posts\/14805\/revisions"}],"predecessor-version":[{"id":14809,"href":"https:\/\/radiowebmx.com\/nota\/wp-json\/wp\/v2\/posts\/14805\/revisions\/14809"}],"wp:featuredmedia":[{"embeddable":true,"href":"https:\/\/radiowebmx.com\/nota\/wp-json\/wp\/v2\/media\/14806"}],"wp:attachment":[{"href":"https:\/\/radiowebmx.com\/nota\/wp-json\/wp\/v2\/media?parent=14805"}],"wp:term":[{"taxonomy":"category","embeddable":true,"href":"https:\/\/radiowebmx.com\/nota\/wp-json\/wp\/v2\/categories?post=14805"},{"taxonomy":"post_tag","embeddable":true,"href":"https:\/\/radiowebmx.com\/nota\/wp-json\/wp\/v2\/tags?post=14805"}],"curies":[{"name":"wp","href":"https:\/\/api.w.org\/{rel}","templated":true}]}}