{"id":14798,"date":"2015-04-27T10:34:49","date_gmt":"2015-04-27T15:34:49","guid":{"rendered":"https:\/\/radiowebmx.com\/nota\/?p=14798"},"modified":"2015-04-27T10:34:49","modified_gmt":"2015-04-27T15:34:49","slug":"basta-de-vivir-en-la-zozobra-es-tiempo-de-cambiar-nacho-alvarado","status":"publish","type":"post","link":"https:\/\/radiowebmx.com\/nota\/basta-de-vivir-en-la-zozobra-es-tiempo-de-cambiar-nacho-alvarado\/","title":{"rendered":"\u00a1BASTA DE VIVIR EN LA ZOZOBRA! ES TIEMPO DE CAMBIAR: NACHO ALVARADO"},"content":{"rendered":"<p><span style=\"font-family: 'Arial Narrow', sans-serif;\">Ante las constantes injusticias y quejas de los morelianos por la inseguridad, falta de servicios p\u00fablicos y desempleo, Nacho Alvarado Laris, candidato a alcalde de Morelia por el PAN dijo que es tiempo de alzar la voz y cambiar en grande bajo los principios de generosidad, orden y respeto a la dignidad humana. \u00a0<\/span><\/p>\n<p><span style=\"font-family: 'Arial Narrow', sans-serif;\">\u00a0<\/span><\/p>\n<p><span style=\"font-family: 'Arial Narrow', sans-serif;\">En un encuentro que sostuvo el candidato albiazul con cientos de colonos de El Porvenir y Ampliaci\u00f3n Porvenir, Las Flores, Industrial y Centro, Nacho Alvarado explic\u00f3 que decidi\u00f3 ser candidato a alcalde de Morelia porque al igual que cientos de morelianos, est\u00e1 cansado de ver tantas injusticias.\u00a0<\/span><\/p>\n<p><span style=\"font-family: 'Arial Narrow', sans-serif;\">\u00a0<\/span><\/p>\n<p><span style=\"font-family: 'Arial Narrow', sans-serif;\">\u201cTengo 28 a\u00f1os dedic\u00e1ndome a trabajar por mi cuenta como Contador P\u00fablico para sostener a mi esposa, a mis hijos, \u00a0pero ante las condiciones de inseguridad, temo por mi familia, porque lo que le pasa a nuestros vecinos puede pasarle a cualquiera de nosotros\u201d, detall\u00f3. \u00a0<\/span><\/p>\n<p><span style=\"font-family: 'Arial Narrow', sans-serif;\">\u00a0<\/span><\/p>\n<p><span style=\"font-family: 'Arial Narrow', sans-serif;\">Ante la efusividad de los colonos por la empat\u00eda que gener\u00f3 su discurso, juntos arengaron un fuerte grito de: \u00a1Vamos Nacho!, \u00a1T\u00fa eres igual que nosotros! Como expresaron los vecinos, no es un pol\u00edtico, sino un verdadero ciudadano que se ha dedicado a trabajar duro para salir adelante.\u00a0<\/span><\/p>\n<p><span style=\"font-family: 'Arial Narrow', sans-serif;\">\u00a0<\/span><\/p>\n<p><span style=\"font-family: 'Arial Narrow', sans-serif;\">Nacho Alvarado propuso a colonos, trabajar en conjunto con la ciudadan\u00eda para que la paz y tranquilidad regrese a las calles de Morelia y que las familias de nueva cuenta puedan vivir en armon\u00eda y no bajo la sombra de una incertidumbre que a la fecha sigue empa\u00f1ando la vida de cientos de morelianos.\u00a0<\/span><\/p>\n","protected":false},"excerpt":{"rendered":"<p>Ante las constantes injusticias y quejas de los morelianos por la inseguridad, falta de servicios p\u00fablicos y desempleo, Nacho Alvarado Laris, candidato a alcalde de Morelia por el PAN dijo que es tiempo de alzar la voz y cambiar en grande bajo los principios de generosidad, orden y respeto a la dignidad humana.  <\/p>\n","protected":false},"author":1,"featured_media":14799,"comment_status":"open","ping_status":"open","sticky":false,"template":"","format":"standard","meta":{"footnotes":""},"categories":[14],"tags":[],"class_list":["post-14798","post","type-post","status-publish","format-standard","has-post-thumbnail","hentry","category-destacadas"],"_links":{"self":[{"href":"https:\/\/radiowebmx.com\/nota\/wp-json\/wp\/v2\/posts\/14798","targetHints":{"allow":["GET"]}}],"collection":[{"href":"https:\/\/radiowebmx.com\/nota\/wp-json\/wp\/v2\/posts"}],"about":[{"href":"https:\/\/radiowebmx.com\/nota\/wp-json\/wp\/v2\/types\/post"}],"author":[{"embeddable":true,"href":"https:\/\/radiowebmx.com\/nota\/wp-json\/wp\/v2\/users\/1"}],"replies":[{"embeddable":true,"href":"https:\/\/radiowebmx.com\/nota\/wp-json\/wp\/v2\/comments?post=14798"}],"version-history":[{"count":2,"href":"https:\/\/radiowebmx.com\/nota\/wp-json\/wp\/v2\/posts\/14798\/revisions"}],"predecessor-version":[{"id":14801,"href":"https:\/\/radiowebmx.com\/nota\/wp-json\/wp\/v2\/posts\/14798\/revisions\/14801"}],"wp:featuredmedia":[{"embeddable":true,"href":"https:\/\/radiowebmx.com\/nota\/wp-json\/wp\/v2\/media\/14799"}],"wp:attachment":[{"href":"https:\/\/radiowebmx.com\/nota\/wp-json\/wp\/v2\/media?parent=14798"}],"wp:term":[{"taxonomy":"category","embeddable":true,"href":"https:\/\/radiowebmx.com\/nota\/wp-json\/wp\/v2\/categories?post=14798"},{"taxonomy":"post_tag","embeddable":true,"href":"https:\/\/radiowebmx.com\/nota\/wp-json\/wp\/v2\/tags?post=14798"}],"curies":[{"name":"wp","href":"https:\/\/api.w.org\/{rel}","templated":true}]}}