{"id":14795,"date":"2015-04-27T10:31:31","date_gmt":"2015-04-27T15:31:31","guid":{"rendered":"https:\/\/radiowebmx.com\/nota\/?p=14795"},"modified":"2015-04-27T10:31:31","modified_gmt":"2015-04-27T15:31:31","slug":"cocoa-es-la-unica-que-puede-lograr-un-cambio-en-michoacan-uriel-lopez-paredes","status":"publish","type":"post","link":"https:\/\/radiowebmx.com\/nota\/cocoa-es-la-unica-que-puede-lograr-un-cambio-en-michoacan-uriel-lopez-paredes\/","title":{"rendered":"\u2018Cocoa\u2019 es la \u00fanica que puede lograr un cambio en Michoac\u00e1n: Uriel L\u00f3pez Paredes"},"content":{"rendered":"<p>El ex perredista y diputado local Uriel L\u00f3pez Paredes expuso ante miles de habitantes del municipio de Cotija que Luisa Mar\u00eda Calder\u00f3n es la \u00fanica mujer que puede lograr un cambio en Michoac\u00e1n, por lo que conmin\u00f3 a no olvidar las consecuencias que dejaron los gobiernos del PRI y del PRD, a reflexionar y votar por el PAN.<\/p>\n<p>&nbsp;<\/p>\n<p>\u201cEn 4 a\u00f1os no hemos tenido ni un s\u00f3lo gobernante, as\u00ed que o votamos por \u2018Cocoa\u2019, o el estado se va a ir a pique, urge cambiar las cosas en Michoac\u00e1n y ella es la \u00fanica que lo puede hacer y aunque no es f\u00e1cil haremos un gran esfuerzo porque as\u00ed sea\u201d, enfatiz\u00f3.<\/p>\n<p>&nbsp;<\/p>\n<p>El mensaje del ex perredista fue enriquecido por los asistentes al encuentro quienes mencionaron que han sido abandonados por quienes ocuparon el t\u00edtulo de Gobernador en los \u00faltimos a\u00f1os y no han impulsado sus proyectos.<\/p>\n<p>&nbsp;<\/p>\n<p>Al respecto la abanderada panista se comprometi\u00f3 a llevar a la federaci\u00f3n la propuesta de nombrar a Cotija como Pueblo M\u00e1gico, puesto que tiene todo para ser un atractivo tur\u00edstico, \u201cel centro de Cotija merece que lo elevemos a Pueblo M\u00e1gico, porque todos ustedes han hecho un gran trabajo con las calles, con la iluminaci\u00f3n, con la tradici\u00f3n y con la cultura\u201d, se\u00f1al\u00f3.<\/p>\n<p>&nbsp;<\/p>\n<p>En ese sentido mencion\u00f3 que promover\u00e1 que al menos 50 comunidades sean reconocidas como m\u00e1gicas a fin de que se les d\u00e9 un impulso para la reactivaci\u00f3n de la econom\u00eda con la apertura de hostales y restaurantes donde se ofrecer\u00e1 un servicio de calidad a los turistas.<\/p>\n<p>&nbsp;<\/p>\n<p>Adem\u00e1s destac\u00f3 el gran trabajo que elaboran habitantes con el queso artesanal reconocido a nivel mundial \u201caqu\u00ed hacen un queso riqu\u00edsimo y lo que necesitamos hacer es facilitar los procesos e incrementar la producci\u00f3n de este rico complemento a fin de que sus ingresos tambi\u00e9n se eleven y as\u00ed ustedes puedan dar una mejor calidad de vida a sus familias\u201d, apunt\u00f3.<\/p>\n<p>&nbsp;<\/p>\n<p>Finalmente se comprometi\u00f3 a ofrecer a todos los michoacanos Un Gobierno de Verdad que tome decisiones, que resuelva las problem\u00e1ticas, pero sobre todo que cuide a sus michoacanos.<\/p>\n<p>&nbsp;<\/p>\n<p>Estuvieron presentes en el encuentro, el presidente del Comit\u00e9 Directivo Municipal del PAN, \u00c1lvaro Espinoza, el diputado local Uriel L\u00f3pez Paredes, Jos\u00e9 Eduardo Anaya, candidato a diputado federal, David Pulido, candidato a alcalde de Cotija en compa\u00f1\u00eda de su planilla, as\u00ed como miles de simpatizantes.<\/p>\n","protected":false},"excerpt":{"rendered":"<p>El ex perredista y diputado local Uriel L\u00f3pez Paredes expuso ante miles de habitantes del municipio de Cotija que Luisa Mar\u00eda Calder\u00f3n es la \u00fanica mujer que puede lograr un cambio en Michoac\u00e1n, por lo que conmin\u00f3 a no olvidar las consecuencias que dejaron los gobiernos del PRI y del PRD, a reflexionar y votar por el PAN.<\/p>\n","protected":false},"author":1,"featured_media":14796,"comment_status":"open","ping_status":"open","sticky":false,"template":"","format":"standard","meta":{"footnotes":""},"categories":[14,13,11],"tags":[],"class_list":["post-14795","post","type-post","status-publish","format-standard","has-post-thumbnail","hentry","category-destacadas","category-pan","category-partidos-politicos"],"_links":{"self":[{"href":"https:\/\/radiowebmx.com\/nota\/wp-json\/wp\/v2\/posts\/14795","targetHints":{"allow":["GET"]}}],"collection":[{"href":"https:\/\/radiowebmx.com\/nota\/wp-json\/wp\/v2\/posts"}],"about":[{"href":"https:\/\/radiowebmx.com\/nota\/wp-json\/wp\/v2\/types\/post"}],"author":[{"embeddable":true,"href":"https:\/\/radiowebmx.com\/nota\/wp-json\/wp\/v2\/users\/1"}],"replies":[{"embeddable":true,"href":"https:\/\/radiowebmx.com\/nota\/wp-json\/wp\/v2\/comments?post=14795"}],"version-history":[{"count":1,"href":"https:\/\/radiowebmx.com\/nota\/wp-json\/wp\/v2\/posts\/14795\/revisions"}],"predecessor-version":[{"id":14797,"href":"https:\/\/radiowebmx.com\/nota\/wp-json\/wp\/v2\/posts\/14795\/revisions\/14797"}],"wp:featuredmedia":[{"embeddable":true,"href":"https:\/\/radiowebmx.com\/nota\/wp-json\/wp\/v2\/media\/14796"}],"wp:attachment":[{"href":"https:\/\/radiowebmx.com\/nota\/wp-json\/wp\/v2\/media?parent=14795"}],"wp:term":[{"taxonomy":"category","embeddable":true,"href":"https:\/\/radiowebmx.com\/nota\/wp-json\/wp\/v2\/categories?post=14795"},{"taxonomy":"post_tag","embeddable":true,"href":"https:\/\/radiowebmx.com\/nota\/wp-json\/wp\/v2\/tags?post=14795"}],"curies":[{"name":"wp","href":"https:\/\/api.w.org\/{rel}","templated":true}]}}