{"id":14789,"date":"2015-04-27T10:26:29","date_gmt":"2015-04-27T15:26:29","guid":{"rendered":"https:\/\/radiowebmx.com\/nota\/?p=14789"},"modified":"2015-04-27T10:26:29","modified_gmt":"2015-04-27T15:26:29","slug":"el-7-de-junio-marcara-un-cambio-en-la-historia-de-michoacan-con-cocoa-santiago-creel","status":"publish","type":"post","link":"https:\/\/radiowebmx.com\/nota\/el-7-de-junio-marcara-un-cambio-en-la-historia-de-michoacan-con-cocoa-santiago-creel\/","title":{"rendered":"El 7 de junio marcar\u00e1 un cambio en la historia de Michoac\u00e1n con \u2018Cocoa\u2019: Santiago Creel"},"content":{"rendered":"<p><span style=\"color: #000000;\">Al se\u00f1alar que han sido los gobiernos del PRI y del PRD los protagonistas de la complicidad, del silencio, de la corrupci\u00f3n y de la impunidad, Santiago Creel Miranda, delegado especial del CEN del PAN, avizor\u00f3 un panorama de cambio y reconstrucci\u00f3n a partir del 7 de junio cuando \u2018Cocoa\u2019 gane las elecciones en Michoac\u00e1n.<\/span><\/p>\n<p><span style=\"color: #000000;\">\u00a0<\/span><\/p>\n<p><span style=\"color: #000000;\">\u201cEl PAN es el cambio que necesita Michoac\u00e1n, no queremos m\u00e1s del PRD del silencio y la impunidad ni del PRI que ha frenado la econom\u00eda del pa\u00eds con las acciones del Presidente de M\u00e9xico y con los actos de corrupci\u00f3n de sus gobiernos, queremos ver en todos los michoacanos, como ahora en los rostros de los zamoranos, el gusto porque una mujer panista llegar\u00e1 al gobierno del estado\u201d.<\/span><\/p>\n<p><span style=\"color: #000000;\">\u00a0<\/span><\/p>\n<p><span style=\"color: #000000;\">En su mensaje, el ex senador destac\u00f3 que Luisa Mar\u00eda Calder\u00f3n fue la \u00fanica mujer que tuvo el valor civil de se\u00f1alar a los criminales cuando estaban actuando y anticip\u00f3 un panorama desastroso con la entrada de malas personas disfrazadas de polic\u00edas y funcionarios al gobierno, por ello digo, que m\u00e1s que nunca \u2018Cocoa\u2019 tiene no s\u00f3lo el respaldo de los panistas a nivel estatal y nacional, sino de todos los ciudadanos que quieren Un Gobierno de Verdad.<\/span><\/p>\n<p><span style=\"color: #000000;\">\u00a0<\/span><\/p>\n<p><span style=\"color: #000000;\">Acompa\u00f1ando a la candidata panista en su visita por el municipio de Zamora, Ricardo Anaya Cort\u00e9s, coordinador de la bancada panista en la C\u00e1mara de Diputados, expuso que es \u2018Cocoa\u2019 quien se est\u00e1 jugando la vida por Michoac\u00e1n, \u201ces honrada y no tengo duda de que ser\u00e1 la pr\u00f3xima gobernadora del estado, s\u00f3lo ella representa una esperanza por un cambio y por un gobierno mejor, un gobierno que si tome decisiones y principalmente que cuide de sus michoacanos\u201d.<\/span><\/p>\n<p><span style=\"color: #000000;\">\u00a0<\/span><\/p>\n<p><span style=\"color: #000000;\">Agradecida por el total respaldo de los zamoranos y de la militancia de Acci\u00f3n Nacional, Luisa Mar\u00eda Calder\u00f3n, se dirigi\u00f3 especialmente a los j\u00f3venes para invitarles a reivindicar la solidaridad y la generosidad.<\/span><\/p>\n<p><span style=\"color: #000000;\">\u00a0<\/span><\/p>\n<p><span style=\"color: #000000;\">\u201cLuchemos juntos, necesitamos de la unidad de todos nosotros para hacernos fuertes y luchar por las causas de todos los michoacanos, principalmente por recuperar la seguridad que estamos buscando desde hace muchos a\u00f1os y que ha sido causante de varias tristezas, principalmente por el abandono de los anteriores gobiernos\u201d, puntualiz\u00f3.<\/span><\/p>\n<p><span style=\"color: #000000;\">\u00a0<\/span><\/p>\n<p><span style=\"color: #000000;\">Al respecto se comprometi\u00f3 a trabajar arduamente por tener una polic\u00eda segura que de certeza, tranquilidad y paz a los zamoranos y coment\u00f3 que ser\u00e1 ella la encargada de darles capacitaci\u00f3n, seguimiento, incentivos legales y tecnolog\u00edas de la informaci\u00f3n para que realicen ellos un mejor trabajo.<\/span><\/p>\n<p><span style=\"color: #000000;\">\u00a0<\/span><\/p>\n<p><span style=\"color: #000000;\">Tambi\u00e9n acompa\u00f1aron a Luisa Mar\u00eda Calder\u00f3n figuras panistas como Marko Cort\u00e9s Mendoza, el candidato a presidente municipal, Gerardo Garc\u00eda Fern\u00e1ndez, el candidato a diputado local, Enrique God\u00ednez del R\u00edo, la candidata a diputada federal, Mar\u00eda Eugenia M\u00e9ndez \u00c1valos, as\u00ed como el presidente Comit\u00e9 Directivo Municipal de Zamora, Antonio Acevedo Pe\u00f1a, el s\u00edndico municipal de Zamora, Carlos Soto y miles de ciudadanos que respaldaron el proyecto de Acci\u00f3n Nacional.<\/span><\/p>\n","protected":false},"excerpt":{"rendered":"<p>Al se\u00f1alar que han sido los gobiernos del PRI y del PRD los protagonistas de la complicidad, del silencio, de la corrupci\u00f3n y de la impunidad, Santiago Creel Miranda, delegado especial del CEN del PAN, avizor\u00f3 un panorama de cambio y reconstrucci\u00f3n a partir del 7 de junio cuando \u2018Cocoa\u2019 gane las elecciones en Michoac\u00e1n.<\/p>\n","protected":false},"author":1,"featured_media":14790,"comment_status":"open","ping_status":"open","sticky":false,"template":"","format":"standard","meta":{"footnotes":""},"categories":[14,13,11],"tags":[],"class_list":["post-14789","post","type-post","status-publish","format-standard","has-post-thumbnail","hentry","category-destacadas","category-pan","category-partidos-politicos"],"_links":{"self":[{"href":"https:\/\/radiowebmx.com\/nota\/wp-json\/wp\/v2\/posts\/14789","targetHints":{"allow":["GET"]}}],"collection":[{"href":"https:\/\/radiowebmx.com\/nota\/wp-json\/wp\/v2\/posts"}],"about":[{"href":"https:\/\/radiowebmx.com\/nota\/wp-json\/wp\/v2\/types\/post"}],"author":[{"embeddable":true,"href":"https:\/\/radiowebmx.com\/nota\/wp-json\/wp\/v2\/users\/1"}],"replies":[{"embeddable":true,"href":"https:\/\/radiowebmx.com\/nota\/wp-json\/wp\/v2\/comments?post=14789"}],"version-history":[{"count":2,"href":"https:\/\/radiowebmx.com\/nota\/wp-json\/wp\/v2\/posts\/14789\/revisions"}],"predecessor-version":[{"id":14792,"href":"https:\/\/radiowebmx.com\/nota\/wp-json\/wp\/v2\/posts\/14789\/revisions\/14792"}],"wp:featuredmedia":[{"embeddable":true,"href":"https:\/\/radiowebmx.com\/nota\/wp-json\/wp\/v2\/media\/14790"}],"wp:attachment":[{"href":"https:\/\/radiowebmx.com\/nota\/wp-json\/wp\/v2\/media?parent=14789"}],"wp:term":[{"taxonomy":"category","embeddable":true,"href":"https:\/\/radiowebmx.com\/nota\/wp-json\/wp\/v2\/categories?post=14789"},{"taxonomy":"post_tag","embeddable":true,"href":"https:\/\/radiowebmx.com\/nota\/wp-json\/wp\/v2\/tags?post=14789"}],"curies":[{"name":"wp","href":"https:\/\/api.w.org\/{rel}","templated":true}]}}