{"id":14786,"date":"2015-04-26T11:05:43","date_gmt":"2015-04-26T16:05:43","guid":{"rendered":"https:\/\/radiowebmx.com\/nota\/?p=14786"},"modified":"2015-04-26T11:05:43","modified_gmt":"2015-04-26T16:05:43","slug":"los-priistas-vamos-a-mejorar-las-condiciones-de-vida-de-los-habitantes-de-nocupetaro-y-caracuaro-chon-orihuela","status":"publish","type":"post","link":"https:\/\/radiowebmx.com\/nota\/los-priistas-vamos-a-mejorar-las-condiciones-de-vida-de-los-habitantes-de-nocupetaro-y-caracuaro-chon-orihuela\/","title":{"rendered":"LOS PRI\u00cdSTAS VAMOS A MEJORAR LAS CONDICIONES DE VIDA DE LOS HABITANTES DE NOCUP\u00c9TARO Y CAR\u00c1CUARO: CHON ORIHUELA"},"content":{"rendered":"<p>Al contar el Partido Revolucionario Institucional (PRI) con el mejor equipo de candidatos para presidentes municipales, diputados locales y federales, as\u00ed como a la gubernatura de Michoac\u00e1n, \u00a0Jos\u00e9 Asenci\u00f3n Orihuela B\u00e1rcenas, abanderado del tricolor al gobierno estatal, extern\u00f3 ante\u00a0 los pobladores de Nocup\u00e9taro que con el apoyo de la ciudadan\u00eda para llegar al triunfo el pr\u00f3ximo 7 de junio, juntos podr\u00e1n trabajar sociedad y gobierno en mejorar las condiciones de vida de los habitantes.<\/p>\n<p>&nbsp;<\/p>\n<p>En diferentes encuentros con miles de simpatizantes y militantes del PRI en Nocup\u00e9taro y Car\u00e1cuaro, \u00a0Chon Orihuela, el candidato todo terreno, propuso que para generar ese auge econ\u00f3mico en esta localidad es preciso mejorar los hatos ganaderos, la infraestructura carretera y educativa, ya que son algunas de las principales necesidades que padecen quienes habitan en estas localidades.<\/p>\n<p>&nbsp;<\/p>\n<p>Miles de simpatizantes acompa\u00f1aron a Chon Orihuela durante sus visitas, que ya suman 40 municipios en menos de tres semanas de campa\u00f1a, \u00a0primeramente coloc\u00f3 una ofrenda en la Plaza H\u00e9roes de Nocup\u00e9taro en honor a Jos\u00e9 Mar\u00eda Morelos y Pav\u00f3n, quien fue uno de los ide\u00f3logos iniciadores de la Independencia de M\u00e9xico, y precisamente en el af\u00e1n de continuar con el progreso de los michoacanos, el candidato del tricolor al gobierno de Michoac\u00e1n\u00a0 afirm\u00f3 que es el objetivo del gobierno priista mejorar las condiciones sociales de los michoacanos poniendo orden en todos los sectores e impuls\u00e1ndolos para su crecimiento.<\/p>\n<p>&nbsp;<\/p>\n<p>Observando las necesidades que ha venido padeciendo el sector campesino al ser abandonado durante los mandatos perredistas en esta regi\u00f3n y siempre acompa\u00f1ado por su esposa Carmelita Estefan, Orihuela B\u00e1rcenas, se comprometi\u00f3 firmemente a mejorar los hatos ganaderos para que se genere producci\u00f3n de mayor calidad y que se pueda aumentar el precio del ganado y exportarlo, tambi\u00e9n indic\u00f3 que buscar\u00e1 mejorar el precio del grano y de la producci\u00f3n de\u00a0 ma\u00edz, cacahuate, ajonjol\u00ed y jamaica, que son los principales cultivos en esta localidad.<\/p>\n<p>&nbsp;<\/p>\n<p>Trascendiendo adem\u00e1s que la inversi\u00f3n en el mejoramiento carretero en las v\u00eda San Antonio- Las Pilas- La Estancia y Las Cuevitas- Santa B\u00e1rbara, para que con ello los productores campesinos puedan tener mejores caminos saca cosechas; de igual forma extern\u00f3 que habr\u00e1 de impulsar el mejoramiento de la infraestructura educativa para que los j\u00f3venes puedan tener mayor acceso a becas e internet otorg\u00e1ndoles profesionalizaci\u00f3n, ya que en Nocup\u00e9taro solo cuentan con una sola escuela de educaci\u00f3n media superior.<\/p>\n<p>&nbsp;<\/p>\n<p>Destac\u00f3 adem\u00e1s que se har\u00e1n las gestiones necesarias en materia de salud para garantizar el abastecimiento de sueros antialacran en los centros hospitalarios.<\/p>\n<p>&nbsp;<\/p>\n<p>Continuando con la gira de trabajo de este s\u00e1bado, Chon Orihuela visit\u00f3 posteriormente la tenencia de Paso de N\u00fa\u00f1ez en Car\u00e1cuaro, donde tambi\u00e9n el recibimiento fue muy grato al haber logrado congregar a miles de ciudadanos de dicha localidad, &#8220;el PRI est\u00e1 celebrando esta gran uni\u00f3n que estoy seguro nos habr\u00e1 de llevar al triunfo y me comprometo a seguir luchando por bajar los \u00edndices de pobreza en esta regi\u00f3n dedicando tiempo a trabajar con proyectos que generen desarrollo&#8221;, apunt\u00f3.<\/p>\n<p>&nbsp;<\/p>\n<p>Haciendo \u00e9nfasis en que habr\u00e1 de impulsar la contenci\u00f3n de agua para abastecer la producci\u00f3n agr\u00edcola y ganadera, as\u00ed como trabajar en utilizar la leucacea, planta que se utiliza como forraje en otros pa\u00edses y que con nuevas t\u00e9cnicas los ganaderos tengan una mejor producci\u00f3n para tener una verdadera agroindustria que genera valor agregado a los productos y mayor movimiento econ\u00f3mico con m\u00e1s empleos entre los pobladores.<\/p>\n","protected":false},"excerpt":{"rendered":"<p>Al contar el Partido Revolucionario Institucional (PRI) con el mejor equipo de candidatos para presidentes municipales, diputados locales y federales, as\u00ed como a la gubernatura de Michoac\u00e1n,  Jos\u00e9 Asenci\u00f3n Orihuela B\u00e1rcenas, abanderado del tricolor al gobierno estatal, extern\u00f3 ante  los pobladores de Nocup\u00e9taro que con el apoyo de la ciudadan\u00eda para llegar al triunfo el pr\u00f3ximo 7 de junio, juntos podr\u00e1n trabajar sociedad y gobierno en mejorar las condiciones de vida de los habitantes.<\/p>\n","protected":false},"author":1,"featured_media":14787,"comment_status":"open","ping_status":"open","sticky":false,"template":"","format":"standard","meta":{"footnotes":""},"categories":[14,11,12],"tags":[],"class_list":["post-14786","post","type-post","status-publish","format-standard","has-post-thumbnail","hentry","category-destacadas","category-partidos-politicos","category-pri"],"_links":{"self":[{"href":"https:\/\/radiowebmx.com\/nota\/wp-json\/wp\/v2\/posts\/14786","targetHints":{"allow":["GET"]}}],"collection":[{"href":"https:\/\/radiowebmx.com\/nota\/wp-json\/wp\/v2\/posts"}],"about":[{"href":"https:\/\/radiowebmx.com\/nota\/wp-json\/wp\/v2\/types\/post"}],"author":[{"embeddable":true,"href":"https:\/\/radiowebmx.com\/nota\/wp-json\/wp\/v2\/users\/1"}],"replies":[{"embeddable":true,"href":"https:\/\/radiowebmx.com\/nota\/wp-json\/wp\/v2\/comments?post=14786"}],"version-history":[{"count":1,"href":"https:\/\/radiowebmx.com\/nota\/wp-json\/wp\/v2\/posts\/14786\/revisions"}],"predecessor-version":[{"id":14788,"href":"https:\/\/radiowebmx.com\/nota\/wp-json\/wp\/v2\/posts\/14786\/revisions\/14788"}],"wp:featuredmedia":[{"embeddable":true,"href":"https:\/\/radiowebmx.com\/nota\/wp-json\/wp\/v2\/media\/14787"}],"wp:attachment":[{"href":"https:\/\/radiowebmx.com\/nota\/wp-json\/wp\/v2\/media?parent=14786"}],"wp:term":[{"taxonomy":"category","embeddable":true,"href":"https:\/\/radiowebmx.com\/nota\/wp-json\/wp\/v2\/categories?post=14786"},{"taxonomy":"post_tag","embeddable":true,"href":"https:\/\/radiowebmx.com\/nota\/wp-json\/wp\/v2\/tags?post=14786"}],"curies":[{"name":"wp","href":"https:\/\/api.w.org\/{rel}","templated":true}]}}