{"id":14782,"date":"2015-04-26T10:56:02","date_gmt":"2015-04-26T15:56:02","guid":{"rendered":"https:\/\/radiowebmx.com\/nota\/?p=14782"},"modified":"2015-04-26T10:56:02","modified_gmt":"2015-04-26T15:56:02","slug":"demanda-movimiento-ciudadano-que-pgr-haga-publicos-los-narcovideos","status":"publish","type":"post","link":"https:\/\/radiowebmx.com\/nota\/demanda-movimiento-ciudadano-que-pgr-haga-publicos-los-narcovideos\/","title":{"rendered":"Demanda Movimiento Ciudadano que PGR haga p\u00fablicos los narcovideos"},"content":{"rendered":"<p>Los ciudadanos libres de Michoac\u00e1n exigen a la Procuradur\u00eda General de la Rep\u00fablica (PGR) que d\u00e9 a conocer las m\u00e1s de cinco mil horas de video que se encuentran en su poder y que fueron filmadas por el crimen organizado con pol\u00edticos michoacanos, remarc\u00f3 Daniel Moncada S\u00e1nchez, coordinador estatal de Movimiento Ciudadano.<\/p>\n<p>Contrario a la postura asumida por el dirigente estatal del Partido Acci\u00f3n Nacional (PAN) en la Mesa de Gobernabilidad con el gobierno del estado, que se realiz\u00f3 este viernes, de que no se exhibieran m\u00e1s videos de pol\u00edticos reunidos con el crimen organizado, Movimiento Ciudadano demand\u00f3 que por el contrario se diera a conocer la totalidad de las grabaciones.<\/p>\n<p>\u201cLos michoacanos necesitamos ver las m\u00e1s de cinco mil horas de video que est\u00e1n en manos de la PGR y sobretodo que no litigue en los medios, si no que se juzgue y se castigue a los culpables&#8221;, subray\u00f3 Daniel Moncada.<\/p>\n<p>El abogado de profesi\u00f3n, afirm\u00f3 que los ciudadanos est\u00e1n cansados de que la justicia se aplique de manera selectiva, conforme a intereses oscuros de quienes siguen manteniendo como reh\u00e9n al estado.<\/p>\n<p>Ese cap\u00edtulo vergonzoso de la historia reciente de Michoac\u00e1n se tiene que cerrar esclareciendo los v\u00ednculos de la clase pol\u00edtica con el crimen organizado y encarcelando a quienes tengan que encarcelar, indic\u00f3.<\/p>\n<p>Esto es prioritario en un contexto de elecciones que vive el estado, apunt\u00f3 Moncada S\u00e1nchez, ya que se est\u00e1 decidiendo la historia de un estado a trav\u00e9s de los gobernantes que elija, y no se puede solapar a quienes tengan v\u00ednculos, directa o indirectamente, con el crimen organizado.<\/p>\n<p>&#8220;Y si hay candidatos que aparezcan en dichos v\u00eddeos, que por dignidad y verg\u00fcenza renuncien&#8221; sentenci\u00f3.<\/p>\n","protected":false},"excerpt":{"rendered":"<p>Los ciudadanos libres de Michoac\u00e1n exigen a la Procuradur\u00eda General de la Rep\u00fablica (PGR) que d\u00e9 a conocer las m\u00e1s de cinco mil horas de video que se encuentran en su poder y que fueron filmadas por el crimen organizado con pol\u00edticos michoacanos, remarc\u00f3 Daniel Moncada S\u00e1nchez, coordinador estatal de Movimiento Ciudadano.<\/p>\n","protected":false},"author":1,"featured_media":14783,"comment_status":"open","ping_status":"open","sticky":false,"template":"","format":"standard","meta":{"footnotes":""},"categories":[14],"tags":[],"class_list":["post-14782","post","type-post","status-publish","format-standard","has-post-thumbnail","hentry","category-destacadas"],"_links":{"self":[{"href":"https:\/\/radiowebmx.com\/nota\/wp-json\/wp\/v2\/posts\/14782","targetHints":{"allow":["GET"]}}],"collection":[{"href":"https:\/\/radiowebmx.com\/nota\/wp-json\/wp\/v2\/posts"}],"about":[{"href":"https:\/\/radiowebmx.com\/nota\/wp-json\/wp\/v2\/types\/post"}],"author":[{"embeddable":true,"href":"https:\/\/radiowebmx.com\/nota\/wp-json\/wp\/v2\/users\/1"}],"replies":[{"embeddable":true,"href":"https:\/\/radiowebmx.com\/nota\/wp-json\/wp\/v2\/comments?post=14782"}],"version-history":[{"count":2,"href":"https:\/\/radiowebmx.com\/nota\/wp-json\/wp\/v2\/posts\/14782\/revisions"}],"predecessor-version":[{"id":14785,"href":"https:\/\/radiowebmx.com\/nota\/wp-json\/wp\/v2\/posts\/14782\/revisions\/14785"}],"wp:featuredmedia":[{"embeddable":true,"href":"https:\/\/radiowebmx.com\/nota\/wp-json\/wp\/v2\/media\/14783"}],"wp:attachment":[{"href":"https:\/\/radiowebmx.com\/nota\/wp-json\/wp\/v2\/media?parent=14782"}],"wp:term":[{"taxonomy":"category","embeddable":true,"href":"https:\/\/radiowebmx.com\/nota\/wp-json\/wp\/v2\/categories?post=14782"},{"taxonomy":"post_tag","embeddable":true,"href":"https:\/\/radiowebmx.com\/nota\/wp-json\/wp\/v2\/tags?post=14782"}],"curies":[{"name":"wp","href":"https:\/\/api.w.org\/{rel}","templated":true}]}}