{"id":14772,"date":"2015-04-26T10:11:01","date_gmt":"2015-04-26T15:11:01","guid":{"rendered":"https:\/\/radiowebmx.com\/nota\/?p=14772"},"modified":"2015-04-26T10:11:01","modified_gmt":"2015-04-26T15:11:01","slug":"emite-recomendaciones-proteccion-civil-en-conexiones-de-gas%e2%80%8f","status":"publish","type":"post","link":"https:\/\/radiowebmx.com\/nota\/emite-recomendaciones-proteccion-civil-en-conexiones-de-gas%e2%80%8f\/","title":{"rendered":"EMITE RECOMENDACIONES PROTECCI\u00d3N CIVIL EN CONEXIONES DE GAS\u200f"},"content":{"rendered":"<p>La coordinaci\u00f3n de Protecci\u00f3n Civil y Bomberos municipales de Morelia, emiti\u00f3 recomendaciones a la ciudadan\u00eda en general y a comerciantes dedicados a la preparaci\u00f3n y venta de alimentos, para que verifique de forma constante las instalaciones de gas\u00a0 para prevenir accidentes que pudieran poner en riesgo la integridad f\u00edsica de la poblaci\u00f3n y sus propias familias.<\/p>\n<p>Derivado de los casos y llamados de auxilio presentados por \u00a0fuga de gas en viviendas y comercios registrados en los \u00faltimos d\u00edas en la capital michoacana, esta corporaci\u00f3n de auxilio, refrend\u00f3 el llamado para que los ciudadanos supervisen las conexiones, tuber\u00eda y el buen estado de las estufas, evitando con ello fugas y derrames de esta sustancia toxica.<\/p>\n<p>En caso de no tener los conocimientos e informaci\u00f3n necesaria para la instalaci\u00f3n y revisi\u00f3n de las conexiones de gas, la Coordinaci\u00f3n de Protecci\u00f3n Civil\u00a0 recomienda la contrataci\u00f3n de expertos en el tema,\u00a0 que garanticen la correcta y segura colocaci\u00f3n de tuber\u00eda y otros equipos.<\/p>\n<p>Para los comercios de reci\u00e9n apertura, sobre todo los enfocados a la preparaci\u00f3n y venta de alimentos, es obligaci\u00f3n de los propietarios, solicitar el permiso oficial de Protecci\u00f3n Civil y Bomberos,<a target=\"_blank\" name=\"_GoBack\"><\/a>\u00a0por lo que est\u00e1 oficina ofrece el servicio de verificaci\u00f3n para emitir el visto bueno adecuado, mismo que es requisito para que el Ayuntamiento emita la licencia de funcionamiento comercial.<\/p>\n","protected":false},"excerpt":{"rendered":"<p> La coordinaci\u00f3n de Protecci\u00f3n Civil y Bomberos municipales de Morelia, emiti\u00f3 recomendaciones a la ciudadan\u00eda en general y a comerciantes dedicados a la preparaci\u00f3n y venta de alimentos, para que verifique de forma constante las instalaciones de gas  para prevenir accidentes que pudieran poner en riesgo la integridad f\u00edsica de la poblaci\u00f3n y sus propias familias.<\/p>\n","protected":false},"author":1,"featured_media":14773,"comment_status":"open","ping_status":"open","sticky":false,"template":"","format":"standard","meta":{"footnotes":""},"categories":[14,9],"tags":[],"class_list":["post-14772","post","type-post","status-publish","format-standard","has-post-thumbnail","hentry","category-destacadas","category-morelia"],"_links":{"self":[{"href":"https:\/\/radiowebmx.com\/nota\/wp-json\/wp\/v2\/posts\/14772","targetHints":{"allow":["GET"]}}],"collection":[{"href":"https:\/\/radiowebmx.com\/nota\/wp-json\/wp\/v2\/posts"}],"about":[{"href":"https:\/\/radiowebmx.com\/nota\/wp-json\/wp\/v2\/types\/post"}],"author":[{"embeddable":true,"href":"https:\/\/radiowebmx.com\/nota\/wp-json\/wp\/v2\/users\/1"}],"replies":[{"embeddable":true,"href":"https:\/\/radiowebmx.com\/nota\/wp-json\/wp\/v2\/comments?post=14772"}],"version-history":[{"count":2,"href":"https:\/\/radiowebmx.com\/nota\/wp-json\/wp\/v2\/posts\/14772\/revisions"}],"predecessor-version":[{"id":14775,"href":"https:\/\/radiowebmx.com\/nota\/wp-json\/wp\/v2\/posts\/14772\/revisions\/14775"}],"wp:featuredmedia":[{"embeddable":true,"href":"https:\/\/radiowebmx.com\/nota\/wp-json\/wp\/v2\/media\/14773"}],"wp:attachment":[{"href":"https:\/\/radiowebmx.com\/nota\/wp-json\/wp\/v2\/media?parent=14772"}],"wp:term":[{"taxonomy":"category","embeddable":true,"href":"https:\/\/radiowebmx.com\/nota\/wp-json\/wp\/v2\/categories?post=14772"},{"taxonomy":"post_tag","embeddable":true,"href":"https:\/\/radiowebmx.com\/nota\/wp-json\/wp\/v2\/tags?post=14772"}],"curies":[{"name":"wp","href":"https:\/\/api.w.org\/{rel}","templated":true}]}}