{"id":14769,"date":"2015-04-26T10:01:20","date_gmt":"2015-04-26T15:01:20","guid":{"rendered":"https:\/\/radiowebmx.com\/nota\/?p=14769"},"modified":"2015-04-26T10:01:20","modified_gmt":"2015-04-26T15:01:20","slug":"el-ayuntamiento-de-morelia-informo-que-el-proximo-29-de-abril-a-las-nueve-horas-se-instalara-en-bando-solemne-el-programa-general-de-actividades-civicas-deportivas-y-culturales-que-se-llevaran-a-ca","status":"publish","type":"post","link":"https:\/\/radiowebmx.com\/nota\/el-ayuntamiento-de-morelia-informo-que-el-proximo-29-de-abril-a-las-nueve-horas-se-instalara-en-bando-solemne-el-programa-general-de-actividades-civicas-deportivas-y-culturales-que-se-llevaran-a-ca\/","title":{"rendered":"El Ayuntamiento de Morelia inform\u00f3 que el pr\u00f3ximo 29 de abril a las nueve horas, se instalar\u00e1 en Bando Solemne, el programa general de actividades c\u00edvicas, deportivas y culturales que se llevar\u00e1n a cabo con motivo del 274 aniversario de la fundaci\u00f3n de Morelia el pr\u00f3ximo 18 de mayo, donde como es tradici\u00f3n, se ofrecer\u00e1n a los visitantes  familias locales diversos eventos durante todo el mes de mayo.  De la misma forma, la Secretar\u00eda de Turismo de Morelia inform\u00f3 que, por primera ocasi\u00f3n, la misma Junta C\u00edvica \u201cJos\u00e9 Mar\u00eda Morelos  Pav\u00f3n 015\u201d trabaja para conformar el programa que durante el mes de septiembre se ofrecer\u00e1 p\u00fablicamente en el marco de la conmoraci\u00f3n del aniversario del inicio de la lucha de independencia, el 16 de septiembre y el 250 festejo del natalicio del Siervo de la Naci\u00f3n oriundo de la ciudad capital.  La conformaci\u00f3n de los eventos que se presentar\u00e1 es el resultado del trabajo de las comisiones conformadas por autoridades de los tres niveles de gobierno, la iniciativa privada, el sector acad\u00e9mico, organizaciones de  la sociedad civil, con el apoyo de la 21 zona militar y el Supremo Tribunal de Justicia del Estado.  La intenci\u00f3n de las conmemoraciones c\u00edvicas y culturales es honrar las tradiciones y la identidad  de los morelianos, coadyuvando en el realce del significado e importancia de los h\u00e9roes que lucharon por la naci\u00f3n y dieron libertad a sus ciudadanos."},"content":{"rendered":"<p>El Ayuntamiento de Morelia inform\u00f3 que el pr\u00f3ximo 29 de abril a las nueve horas, se instalar\u00e1 en Bando Solemne, el programa general de actividades c\u00edvicas, deportivas y culturales que se llevar\u00e1n a cabo con motivo del 274 aniversario de la fundaci\u00f3n de Morelia el pr\u00f3ximo 18 de mayo, donde como es tradici\u00f3n, se ofrecer\u00e1n a los visitantes\u00a0 familias locales diversos eventos durante todo el mes de mayo.<\/p>\n<p>De la misma forma, la Secretar\u00eda de Turismo de Morelia inform\u00f3 que, por primera ocasi\u00f3n, la misma Junta C\u00edvica \u201cJos\u00e9 Mar\u00eda Morelos\u00a0 Pav\u00f3n 015\u201d trabaja para conformar el programa que durante el mes de septiembre se ofrecer\u00e1 p\u00fablicamente en el marco de la conmoraci\u00f3n del aniversario del inicio de la lucha de independencia, el 16 de septiembre y el 250 festejo del natalicio del Siervo de la Naci\u00f3n oriundo de la ciudad capital.<\/p>\n<p>La conformaci\u00f3n de los eventos que se presentar\u00e1 es el resultado del trabajo de las comisiones conformadas por autoridades de los tres niveles de gobierno, la iniciativa privada, el sector acad\u00e9mico, organizaciones de\u00a0 la sociedad civil, con el apoyo de la 21 zona militar y el Supremo Tribunal de Justicia del Estado.<\/p>\n<p><a target=\"_blank\" name=\"_GoBack\"><\/a>La intenci\u00f3n de las conmemoraciones c\u00edvicas y culturales es honrar las tradiciones y la identidad\u00a0 de los morelianos, coadyuvando en el realce del significado e importancia de los h\u00e9roes que lucharon por la naci\u00f3n y dieron libertad a sus ciudadanos.<\/p>\n","protected":false},"excerpt":{"rendered":"<p>El Ayuntamiento de Morelia inform\u00f3 que el pr\u00f3ximo 29 de abril a las nueve horas, se instalar\u00e1 en Bando Solemne, el programa general de actividades c\u00edvicas, deportivas y culturales que se llevar\u00e1n a cabo con motivo del 274 aniversario de la fundaci\u00f3n de Morelia el pr\u00f3ximo 18 de mayo, donde como es tradici\u00f3n, se ofrecer\u00e1n a los visitantes  familias locales diversos eventos durante todo el mes de mayo.<\/p>\n","protected":false},"author":1,"featured_media":0,"comment_status":"open","ping_status":"open","sticky":false,"template":"","format":"standard","meta":{"footnotes":""},"categories":[9],"tags":[],"class_list":["post-14769","post","type-post","status-publish","format-standard","hentry","category-morelia"],"_links":{"self":[{"href":"https:\/\/radiowebmx.com\/nota\/wp-json\/wp\/v2\/posts\/14769","targetHints":{"allow":["GET"]}}],"collection":[{"href":"https:\/\/radiowebmx.com\/nota\/wp-json\/wp\/v2\/posts"}],"about":[{"href":"https:\/\/radiowebmx.com\/nota\/wp-json\/wp\/v2\/types\/post"}],"author":[{"embeddable":true,"href":"https:\/\/radiowebmx.com\/nota\/wp-json\/wp\/v2\/users\/1"}],"replies":[{"embeddable":true,"href":"https:\/\/radiowebmx.com\/nota\/wp-json\/wp\/v2\/comments?post=14769"}],"version-history":[{"count":2,"href":"https:\/\/radiowebmx.com\/nota\/wp-json\/wp\/v2\/posts\/14769\/revisions"}],"predecessor-version":[{"id":14771,"href":"https:\/\/radiowebmx.com\/nota\/wp-json\/wp\/v2\/posts\/14769\/revisions\/14771"}],"wp:attachment":[{"href":"https:\/\/radiowebmx.com\/nota\/wp-json\/wp\/v2\/media?parent=14769"}],"wp:term":[{"taxonomy":"category","embeddable":true,"href":"https:\/\/radiowebmx.com\/nota\/wp-json\/wp\/v2\/categories?post=14769"},{"taxonomy":"post_tag","embeddable":true,"href":"https:\/\/radiowebmx.com\/nota\/wp-json\/wp\/v2\/tags?post=14769"}],"curies":[{"name":"wp","href":"https:\/\/api.w.org\/{rel}","templated":true}]}}