{"id":14762,"date":"2015-04-26T09:36:23","date_gmt":"2015-04-26T14:36:23","guid":{"rendered":"https:\/\/radiowebmx.com\/nota\/?p=14762"},"modified":"2015-04-26T09:36:23","modified_gmt":"2015-04-26T14:36:23","slug":"cocoa-acuerda-apoyar-a-comunidades-indigenas-de-la-zona-lacustre","status":"publish","type":"post","link":"https:\/\/radiowebmx.com\/nota\/cocoa-acuerda-apoyar-a-comunidades-indigenas-de-la-zona-lacustre\/","title":{"rendered":"\u2018Cocoa\u2019 acuerda apoyar a comunidades ind\u00edgenas de la zona lacustre"},"content":{"rendered":"<p>Al asumir a Luisa Mar\u00eda Calder\u00f3n Hinojosa como la\u00a0primera gobernadora panista que tendr\u00e1 el estado de Michoac\u00e1n y mostrando su total respaldo, este s\u00e1bado habitantes de la zona lacustre del estado, recibieron a la candidata albiazul, quien durante su visita realiz\u00f3 acuerdos que beneficiar\u00e1n a las comunidades ind\u00edgenas de la zona.<\/p>\n<p>Los acuerdos incluyen acciones como el rescate del lago de P\u00e1tzcuaro, el reconocimiento de la lengua ind\u00edgena, el respeto por sus culturas y tradiciones, as\u00ed como la inclusi\u00f3n del sector en la toma de decisiones.<\/p>\n<p>&nbsp;<\/p>\n<p>\u201cEn esta ciudad que lleva en su nombre el legado de quien impuls\u00f3 la ense\u00f1anza de los pueblos, comenzando aqu\u00ed en la entrada de la meseta pur\u00e9pecha, aqu\u00ed donde los viajeros inician el gran andar de la ruta Don Vasco, es importante reconocer la grandeza de los michoacanos, de sus tradiciones, de su riqueza cultural y de su constante esfuerzo por salir adelante\u201d.<\/p>\n<p>&nbsp;<\/p>\n<p>En ese sentido se pronunci\u00f3 principalmente por recuperar las bondades del Lago de P\u00e1tzcuaro y emplear de verdad el recurso destinado a dicho sector y apoyar sin escatimar esfuerzos al sector ind\u00edgena de Michoac\u00e1n.<\/p>\n<p>&nbsp;<\/p>\n<p>\u201cEsta gobernadora de verdad se va a ocupar de que nadie se robe ni un peso de su dinero porque sabemos que est\u00e1n cansados de los gobiernos que desv\u00edan, que abusan y se enriquecen con el dinero de los ciudadanos, as\u00ed que durante los pr\u00f3ximos seis a\u00f1os no tendr\u00e1 cabida la corrupci\u00f3n ni la impunidad, pero adem\u00e1s me har\u00e9 cargo de que vayan para adelante\u201d.<\/p>\n<p>&nbsp;<\/p>\n<p>Al respecto expuso que dar\u00e1 impulso a los productos que los artesanos producen \u201caqu\u00ed donde el esfuerzo diario de los artesanos y comerciantes se ha visto minimizado por la traici\u00f3n de los recientes gobiernos del estado, quienes no reconocen que el recurso debe de llegar a sus manos y reflejarse en el beneficio de los ciudadanos, nunca en beneficio personal, aqu\u00ed mi propuesta es muy clara, al igual que ustedes quiero que Michoac\u00e1n tenga un gobierno de verdad; que escucha, es honesto y responsable y quiero que en esta zona se reactive el turismo y sus productos se comercialicen mejor y que les paguen lo justo por ellos\u201d, dijo.<\/p>\n<p>&nbsp;<\/p>\n<p>Finalmente dijo que el esfuerzo es de todos y que la clave est\u00e1 en el gobierno, quien debe mejorar las condiciones de seguridad y desarrollo para que la marca Michoac\u00e1n sea rentable.<\/p>\n<p>&nbsp;<\/p>\n<p>Acompa\u00f1aron a \u2018Cocoa\u2019 el ex presidente nacional del PAN Germ\u00e1n Mart\u00ednez, el presidente del comit\u00e9 directivo municipal de Acci\u00f3n Nacional, V\u00edctor Gurnan, el candidato a diputado federal, Mart\u00edn Valdez Sandoval, la candidata a diputada local por el Distrito 15, Magda V\u00e1zquez, as\u00ed como el candidato a alcalde de Quiroga, Fernando Garnica y cientos de habitantes que recorrieron las calles y comercios del centro de P\u00e1tzcuaro y de Quiroga.<\/p>\n<p>&nbsp;<\/p>\n","protected":false},"excerpt":{"rendered":"<p>Al asumir a Luisa Mar\u00eda Calder\u00f3n Hinojosa como la primera gobernadora panista que tendr\u00e1 el estado de Michoac\u00e1n y mostrando su total respaldo, este s\u00e1bado habitantes de la zona lacustre del estado, <\/p>\n","protected":false},"author":1,"featured_media":14763,"comment_status":"open","ping_status":"open","sticky":false,"template":"","format":"standard","meta":{"footnotes":""},"categories":[14,13,11],"tags":[],"class_list":["post-14762","post","type-post","status-publish","format-standard","has-post-thumbnail","hentry","category-destacadas","category-pan","category-partidos-politicos"],"_links":{"self":[{"href":"https:\/\/radiowebmx.com\/nota\/wp-json\/wp\/v2\/posts\/14762","targetHints":{"allow":["GET"]}}],"collection":[{"href":"https:\/\/radiowebmx.com\/nota\/wp-json\/wp\/v2\/posts"}],"about":[{"href":"https:\/\/radiowebmx.com\/nota\/wp-json\/wp\/v2\/types\/post"}],"author":[{"embeddable":true,"href":"https:\/\/radiowebmx.com\/nota\/wp-json\/wp\/v2\/users\/1"}],"replies":[{"embeddable":true,"href":"https:\/\/radiowebmx.com\/nota\/wp-json\/wp\/v2\/comments?post=14762"}],"version-history":[{"count":1,"href":"https:\/\/radiowebmx.com\/nota\/wp-json\/wp\/v2\/posts\/14762\/revisions"}],"predecessor-version":[{"id":14764,"href":"https:\/\/radiowebmx.com\/nota\/wp-json\/wp\/v2\/posts\/14762\/revisions\/14764"}],"wp:featuredmedia":[{"embeddable":true,"href":"https:\/\/radiowebmx.com\/nota\/wp-json\/wp\/v2\/media\/14763"}],"wp:attachment":[{"href":"https:\/\/radiowebmx.com\/nota\/wp-json\/wp\/v2\/media?parent=14762"}],"wp:term":[{"taxonomy":"category","embeddable":true,"href":"https:\/\/radiowebmx.com\/nota\/wp-json\/wp\/v2\/categories?post=14762"},{"taxonomy":"post_tag","embeddable":true,"href":"https:\/\/radiowebmx.com\/nota\/wp-json\/wp\/v2\/tags?post=14762"}],"curies":[{"name":"wp","href":"https:\/\/api.w.org\/{rel}","templated":true}]}}