{"id":14759,"date":"2015-04-26T09:25:46","date_gmt":"2015-04-26T14:25:46","guid":{"rendered":"https:\/\/radiowebmx.com\/nota\/?p=14759"},"modified":"2015-04-26T09:25:46","modified_gmt":"2015-04-26T14:25:46","slug":"excanarios-solicitaron-que-se-gestione-permanencia-de-monarcas-morelia-en-michoacan","status":"publish","type":"post","link":"https:\/\/radiowebmx.com\/nota\/excanarios-solicitaron-que-se-gestione-permanencia-de-monarcas-morelia-en-michoacan\/","title":{"rendered":"EXCANARIOS SOLICITARON QUE SE GESTIONE PERMANENCIA DE MONARCAS MORELIA EN MICHOAC\u00c1N"},"content":{"rendered":"<p>En el marco del 34 aniversario de la asociaci\u00f3n de los ex canarios del Morelia, solicitaron al Presidente del Comit\u00e9 Directivo Estatal del PRI, Agust\u00edn Trujillo \u00cd\u00f1iguez, haga la gesti\u00f3n ante el candidato a la gubernatura Chon Orihuela para que el deportivo Monarcas Morelia, no sea vendido a otra plaza y siga en Michoac\u00e1n.<\/p>\n<p>&nbsp;<\/p>\n<p>El Presidente del CDE en Michoac\u00e1n, acompa\u00f1ado por el ex dirigente estatal del PRI, Fernando Orihuela Carmona, se comprometi\u00f3 a llevar el mensaje al abanderado pri\u00edsta y confi\u00f3 en que Chon Orihuela asumir\u00e1 el compromiso ya que dijo \u201cel candidato pri\u00edsta es un hombre de familia y gustoso del deporte.<\/p>\n<p>&nbsp;<\/p>\n<p>El tambi\u00e9n Senador de la Rep\u00fablica manifest\u00f3 que \u201cel Partido Revolucionario Institucional est\u00e1 comprometido con la afici\u00f3n\u201d, por este motivo el d\u00eda de ayer se entreg\u00f3 un reconocimiento a la Asociaci\u00f3n de ex Canarios en la celebraci\u00f3n de su 34 aniversario.<\/p>\n<p>&nbsp;<\/p>\n<p>El ex Presidente de Chinicuila, se\u00f1al\u00f3 la importancia de los ex canarios en Michoac\u00e1n al promover el deporte entre los j\u00f3venes y agradeci\u00f3 al Presidente de esta\u00a0 asociaci\u00f3n, Nicol\u00e1s Villal\u00f3n el esfuerzo que ha hecho junto a todos sus compa\u00f1eros en pro del deporte.<\/p>\n<p>&nbsp;<\/p>\n<p>El l\u00edder estatal pri\u00edsta, dijo que \u201cmis amigos e \u00eddolos los ex canarios, nos dieron muchas alegr\u00edas y hoy que celebran un a\u00f1o m\u00e1s de la fundaci\u00f3n de esta asociaci\u00f3n, el Partido Revolucionario Institucional no puede dejar de reconocer todo el trabajo que han hecho por los michoacanos\u201d<\/p>\n<p>&nbsp;<\/p>\n<p>La entrega de tal reconocimiento se llev\u00f3 a cabo en las instalaciones del estadio Venustiano Carranza, en d\u00f3nde posteriormente y como parte de la convivencia se realiz\u00f3 un encuentro futbol\u00edstico entre los miembros de esta asociaci\u00f3n y el parte del secretariado del Comit\u00e9 Directivo Estatal.<\/p>\n<p>&nbsp;<\/p>\n<p>El \u201cFlaco\u201d G\u00f3mez, To\u00f1o Villal\u00f3n, Ram\u00f3n Morales padre, \u201cGolazo\u201d P\u00e9rez, entre otras tantas figuras e \u00eddolos de los decanos del futbol en Michoac\u00e1n estuvieron presentes en esta convivencia, quienes se mostraron agradecidos por este reconocimiento.<\/p>\n","protected":false},"excerpt":{"rendered":"<p>En el marco del 34 aniversario de la asociaci\u00f3n de los ex canarios del Morelia, solicitaron al Presidente del Comit\u00e9 Directivo Estatal del PRI, Agust\u00edn Trujillo \u00cd\u00f1iguez,<\/p>\n","protected":false},"author":1,"featured_media":14760,"comment_status":"open","ping_status":"open","sticky":false,"template":"","format":"standard","meta":{"footnotes":""},"categories":[14,11,12],"tags":[],"class_list":["post-14759","post","type-post","status-publish","format-standard","has-post-thumbnail","hentry","category-destacadas","category-partidos-politicos","category-pri"],"_links":{"self":[{"href":"https:\/\/radiowebmx.com\/nota\/wp-json\/wp\/v2\/posts\/14759","targetHints":{"allow":["GET"]}}],"collection":[{"href":"https:\/\/radiowebmx.com\/nota\/wp-json\/wp\/v2\/posts"}],"about":[{"href":"https:\/\/radiowebmx.com\/nota\/wp-json\/wp\/v2\/types\/post"}],"author":[{"embeddable":true,"href":"https:\/\/radiowebmx.com\/nota\/wp-json\/wp\/v2\/users\/1"}],"replies":[{"embeddable":true,"href":"https:\/\/radiowebmx.com\/nota\/wp-json\/wp\/v2\/comments?post=14759"}],"version-history":[{"count":1,"href":"https:\/\/radiowebmx.com\/nota\/wp-json\/wp\/v2\/posts\/14759\/revisions"}],"predecessor-version":[{"id":14761,"href":"https:\/\/radiowebmx.com\/nota\/wp-json\/wp\/v2\/posts\/14759\/revisions\/14761"}],"wp:featuredmedia":[{"embeddable":true,"href":"https:\/\/radiowebmx.com\/nota\/wp-json\/wp\/v2\/media\/14760"}],"wp:attachment":[{"href":"https:\/\/radiowebmx.com\/nota\/wp-json\/wp\/v2\/media?parent=14759"}],"wp:term":[{"taxonomy":"category","embeddable":true,"href":"https:\/\/radiowebmx.com\/nota\/wp-json\/wp\/v2\/categories?post=14759"},{"taxonomy":"post_tag","embeddable":true,"href":"https:\/\/radiowebmx.com\/nota\/wp-json\/wp\/v2\/tags?post=14759"}],"curies":[{"name":"wp","href":"https:\/\/api.w.org\/{rel}","templated":true}]}}