{"id":14753,"date":"2015-04-26T09:11:17","date_gmt":"2015-04-26T14:11:17","guid":{"rendered":"https:\/\/radiowebmx.com\/nota\/?p=14753"},"modified":"2015-04-26T09:11:17","modified_gmt":"2015-04-26T14:11:17","slug":"miles-de-habitantes-de-la-huacana-con-chon-orihuela-el-candidato-todo-terreno","status":"publish","type":"post","link":"https:\/\/radiowebmx.com\/nota\/miles-de-habitantes-de-la-huacana-con-chon-orihuela-el-candidato-todo-terreno\/","title":{"rendered":"MILES DE HABITANTES DE LA HUACANA CON CHON ORIHUELA, EL CANDIDATO TODO TERRENO"},"content":{"rendered":"<p>El fervor pri\u00edsta cada vez es m\u00e1s fuerte, se siente a lo largo y ancho de la geograf\u00eda michoacana, la ciudadan\u00eda cada vez m\u00e1s convencida de que Chon Orihuela ser\u00e1 el pr\u00f3ximo gobernador de Michoac\u00e1n. Tan solo en Churumuco y La Huacana, el candidato Todo Terreno logr\u00f3 reunir a cerca de 20 mil personas que al grito de \u00a1Vamos a Ganar! sentenciaron que el siete de junio acudir\u00e1n a las urnas para votar cuatro veces PRI.<\/p>\n<p>&nbsp;<\/p>\n<p>Ante ese fervor pri\u00edsta que se ha denotado en menos de tres semanas de campa\u00f1a y que han rodeado a Chon Orihuela, que es el candidato con m\u00e1s municipios y comunidades recorridos, es la propia ciudadan\u00eda la que ha manifestado su certeza en que el pr\u00f3ximo gobernador ya tiene nombre y es Chon Orihuela.<\/p>\n<p>&nbsp;<\/p>\n<p>En ese sentido, el pri\u00edsta manifest\u00f3 su compromiso absoluto por trabajar a favor de los m\u00e1s necesitados, por conseguir igualdad de oportunidades para todos, por hacer crecer este estado l\u00edder en producci\u00f3n agr\u00edcola, el que m\u00e1s ciudades patrimonio de la humanidad tiene, donde se asientan comunidades ind\u00edgenas a las que se respetar\u00e1n sus usos y costumbres, este maravilloso estado del que su gastronom\u00eda es reconocida internacionalmente, entre muchas otras cosas que permitir\u00e1n un desarrollo efectivo.<\/p>\n<p>&nbsp;<\/p>\n<p>En mi gobierno, sentenci\u00f3 Chon Orihuela, el candidato que viaja sin seguridad por los caminos de Michoac\u00e1n, para estar cerca y de frente con la gente, se cumplir\u00e1n todos los compromisos establecidos, esos que son para alcanzar el desarrollo, sin borr\u00f3n y cuenta nueva.<\/p>\n<p>&nbsp;<\/p>\n<p>Las obras de beneficio de agricultores y ganaderos en La Huacana, dijo, habr\u00e1n de hacerse realidad por ser las actividades m\u00e1s importantes de la zona, as\u00ed que las acciones en su favor deber\u00e1n fortalecerse y de esta manera se mejore la econom\u00eda de toda la tierra caliente.<\/p>\n<p>&nbsp;<\/p>\n<p>Previamente, en entrevista, el candidato todo terreno indic\u00f3 que Michoac\u00e1n requiere de una gran reconciliaci\u00f3n y de la suma de todos para resolver los problemas que nos aquejan, al tiempo de considerar temerario que se pudiera llevar a la entidad a una condici\u00f3n muy compleja que sin duda nos da\u00f1ar\u00eda mucho.<\/p>\n<p>&nbsp;<\/p>\n<p>&#8220;Ya le han hecho mucho da\u00f1o a Michoac\u00e1n y ser\u00eda muy grave que ahora trataran de lastimarlo m\u00e1s, cuando lo que necesitamos es un an\u00e1lisis serio, de un an\u00e1lisis importante en el tema de c\u00f3mo se vienen manejando los recursos en el estado, qu\u00e9 posibilidades se tienen de enfrentar los compromisos que tiene en este momento y c\u00f3mo entre todos debemos sumarnos para resolverlos&#8221;.<\/p>\n<p>&nbsp;<\/p>\n<p>Ante las manifestaciones que se registraron en Morelia, Chon Orihula desde Churumuco se pronunci\u00f3 porque prevalezca la congruencia, porque se apueste al desarrollo arm\u00f3nico del estado, ya que hoy m\u00e1s que nunca Michoac\u00e1n necesita que las condiciones sean adecuadas para salir adelante.<\/p>\n<p>&nbsp;<\/p>\n<p>Todos los michoacanos, abund\u00f3 en entrevista el candidato Todo Terreno, queremos un proceso electoral democr\u00e1tico, sin presiones, en el que seamos los propios michoacanos los que decidamos cu\u00e1l es el rumbo que debe tomar nuestro estado; &#8220;yo espero que sea solamente una expresi\u00f3n sin mayor respaldo&#8221; -la que se registr\u00f3 en Morelia-.<\/p>\n<p>&nbsp;<\/p>\n<p>Chon Orihuela confi\u00f3 en que no haya alg\u00fan partido pol\u00edtico de por medio; &#8220;ojal\u00e1 y no sean mensajes de alg\u00fan partido que cre\u00eda que podr\u00eda ganar y hoy empiezan a ver con claridad su derrota y que pretenda presionar y chantajear con este tema&#8221;.<\/p>\n<p>&nbsp;<\/p>\n<p>El candidato del PRI confi\u00f3 adem\u00e1s en que no haya quien le apueste a que Michoac\u00e1n entre en una desestabilizaci\u00f3n, en un momento tan importante, en un momento en que empieza a recuperar sus posibilidades de caminar ordenadamente hacia el futuro, ya que ser\u00eda temerario que alg\u00fan partido pol\u00edtico est\u00e9 alentando estos temas.<\/p>\n<p>&nbsp;<\/p>\n<p>&#8220;Ustedes saben que los normalistas o estos grupos obedecen a ciertas l\u00edneas, no quisiera yo acusar a nadie, no creo que un grupo como los normalistas pudiera orientar hacia una desestabilizaci\u00f3n del estado, yo espero que haya mucha estabilidad y congruencia en los partidos pol\u00edticos y que la sociedad establezca tambi\u00e9n su punto de vista, la sociedad debe participar hoy m\u00e1s en el rumbo de Michoac\u00e1n&#8221;.<\/p>\n","protected":false},"excerpt":{"rendered":"<p>El fervor pri\u00edsta cada vez es m\u00e1s fuerte, se siente a lo largo y ancho de la geograf\u00eda michoacana, la ciudadan\u00eda cada vez m\u00e1s convencida de que Chon Orihuela ser\u00e1 el pr\u00f3ximo gobernador de Michoac\u00e1n. <\/p>\n","protected":false},"author":1,"featured_media":14754,"comment_status":"open","ping_status":"open","sticky":false,"template":"","format":"standard","meta":{"footnotes":""},"categories":[14,11,12],"tags":[],"class_list":["post-14753","post","type-post","status-publish","format-standard","has-post-thumbnail","hentry","category-destacadas","category-partidos-politicos","category-pri"],"_links":{"self":[{"href":"https:\/\/radiowebmx.com\/nota\/wp-json\/wp\/v2\/posts\/14753","targetHints":{"allow":["GET"]}}],"collection":[{"href":"https:\/\/radiowebmx.com\/nota\/wp-json\/wp\/v2\/posts"}],"about":[{"href":"https:\/\/radiowebmx.com\/nota\/wp-json\/wp\/v2\/types\/post"}],"author":[{"embeddable":true,"href":"https:\/\/radiowebmx.com\/nota\/wp-json\/wp\/v2\/users\/1"}],"replies":[{"embeddable":true,"href":"https:\/\/radiowebmx.com\/nota\/wp-json\/wp\/v2\/comments?post=14753"}],"version-history":[{"count":1,"href":"https:\/\/radiowebmx.com\/nota\/wp-json\/wp\/v2\/posts\/14753\/revisions"}],"predecessor-version":[{"id":14755,"href":"https:\/\/radiowebmx.com\/nota\/wp-json\/wp\/v2\/posts\/14753\/revisions\/14755"}],"wp:featuredmedia":[{"embeddable":true,"href":"https:\/\/radiowebmx.com\/nota\/wp-json\/wp\/v2\/media\/14754"}],"wp:attachment":[{"href":"https:\/\/radiowebmx.com\/nota\/wp-json\/wp\/v2\/media?parent=14753"}],"wp:term":[{"taxonomy":"category","embeddable":true,"href":"https:\/\/radiowebmx.com\/nota\/wp-json\/wp\/v2\/categories?post=14753"},{"taxonomy":"post_tag","embeddable":true,"href":"https:\/\/radiowebmx.com\/nota\/wp-json\/wp\/v2\/tags?post=14753"}],"curies":[{"name":"wp","href":"https:\/\/api.w.org\/{rel}","templated":true}]}}