{"id":14740,"date":"2015-04-21T13:17:01","date_gmt":"2015-04-21T18:17:01","guid":{"rendered":"https:\/\/radiowebmx.com\/nota\/?p=14740"},"modified":"2015-04-21T13:17:01","modified_gmt":"2015-04-21T18:17:01","slug":"conmemoran-el-101-aniversario-de-la-gesta-heroica-de-la-defensa-del-puerto-de-veracruz%e2%80%8f","status":"publish","type":"post","link":"https:\/\/radiowebmx.com\/nota\/conmemoran-el-101-aniversario-de-la-gesta-heroica-de-la-defensa-del-puerto-de-veracruz%e2%80%8f\/","title":{"rendered":"CONMEMORAN EL 101 ANIVERSARIO DE LA GESTA HEROICA DE LA DEFENSA DEL PUERTO DE VERACRUZ\u200f"},"content":{"rendered":"<p>El presidente municipal de Morelia, Salvador Abud Mirabent, presidi\u00f3 la ceremonia conmemorativa del 101 aniversario de la Gesta Heroica de la Defensa del Puerto de Veracruz, en la que las autoridades colocaron una ofrenda floral y montaron guardia de honor en la Glorieta El Ancla.<\/p>\n<p>Acompa\u00f1aron al alcalde de Morelia, el coronel Carlos Rodr\u00edguez en representaci\u00f3n de la 21 zona militar, Ana Brasilia Espino, secretaria de los J\u00f3venes del gobierno del Estado, la s\u00edndico Maribel Rodr\u00edguez, el secretario del Ayuntamiento, Alberto Su\u00e1rez Castillo y funcionarios del Ayuntamiento de Morelia.<\/p>\n<p>En la semblanza presentada, se hizo referencia a todos los hechos que tuvieron lugar en esta lucha por defender el suelo y la naci\u00f3n, \u00a0que \u00a0es un ejemplo para los mexicanos, para los ciudadanos que tienen\u00a0 la obligaci\u00f3n de cumplir con los m\u00e1s altos prop\u00f3sitos de defender la soberan\u00eda y libertades.<\/p>\n<p>De los m\u00faltiples procesos hist\u00f3ricos en los que el puerto de Veracruz ha sido escenario, la invasi\u00f3n norteamericana de 1914 es uno de los m\u00e1s importantes, ya que la fuerza naval de Estados Unidos, compuesta por 50 barcos de guerra y m\u00e1s de 6 mil soldados de todas las armas, irrumpi\u00f3 en el suelo veracruzano la ma\u00f1ana del 21 de abril, encontrando \u00fanicamente como firme barrera para sus imponentes ca\u00f1ones, la voluntad del pueblo y de los cadetes de la Escuela Naval Militar, quienes no dudaron en ofrendar su vida en defensa de la patria.<\/p>\n<p>La defensa estuvo dirigida por el comodoro Manuel Azueta, quien al grito de \u00a8Viva M\u00e9xico\u00a8 y \u00a8A las armas muchachos, la patria est\u00e1 en peligro\u00a8 los adolescentes contestaron el llamado con entusiasmo\u00a0 y lucharon contra los invasores.<\/p>\n","protected":false},"excerpt":{"rendered":"<p>El presidente municipal de Morelia, Salvador Abud Mirabent, presidi\u00f3 la ceremonia conmemorativa del 101 aniversario de la Gesta Heroica de la Defensa del Puerto de Veracruz, en la que las autoridades colocaron una ofrenda floral y montaron guardia de honor en la Glorieta El Ancla.<\/p>\n","protected":false},"author":1,"featured_media":14741,"comment_status":"open","ping_status":"open","sticky":false,"template":"","format":"standard","meta":{"footnotes":""},"categories":[14,9],"tags":[],"class_list":["post-14740","post","type-post","status-publish","format-standard","has-post-thumbnail","hentry","category-destacadas","category-morelia"],"_links":{"self":[{"href":"https:\/\/radiowebmx.com\/nota\/wp-json\/wp\/v2\/posts\/14740","targetHints":{"allow":["GET"]}}],"collection":[{"href":"https:\/\/radiowebmx.com\/nota\/wp-json\/wp\/v2\/posts"}],"about":[{"href":"https:\/\/radiowebmx.com\/nota\/wp-json\/wp\/v2\/types\/post"}],"author":[{"embeddable":true,"href":"https:\/\/radiowebmx.com\/nota\/wp-json\/wp\/v2\/users\/1"}],"replies":[{"embeddable":true,"href":"https:\/\/radiowebmx.com\/nota\/wp-json\/wp\/v2\/comments?post=14740"}],"version-history":[{"count":1,"href":"https:\/\/radiowebmx.com\/nota\/wp-json\/wp\/v2\/posts\/14740\/revisions"}],"predecessor-version":[{"id":14742,"href":"https:\/\/radiowebmx.com\/nota\/wp-json\/wp\/v2\/posts\/14740\/revisions\/14742"}],"wp:featuredmedia":[{"embeddable":true,"href":"https:\/\/radiowebmx.com\/nota\/wp-json\/wp\/v2\/media\/14741"}],"wp:attachment":[{"href":"https:\/\/radiowebmx.com\/nota\/wp-json\/wp\/v2\/media?parent=14740"}],"wp:term":[{"taxonomy":"category","embeddable":true,"href":"https:\/\/radiowebmx.com\/nota\/wp-json\/wp\/v2\/categories?post=14740"},{"taxonomy":"post_tag","embeddable":true,"href":"https:\/\/radiowebmx.com\/nota\/wp-json\/wp\/v2\/tags?post=14740"}],"curies":[{"name":"wp","href":"https:\/\/api.w.org\/{rel}","templated":true}]}}