{"id":14736,"date":"2015-04-21T13:10:32","date_gmt":"2015-04-21T18:10:32","guid":{"rendered":"https:\/\/radiowebmx.com\/nota\/?p=14736"},"modified":"2015-04-21T13:10:32","modified_gmt":"2015-04-21T18:10:32","slug":"recorrido-asilo-del-divino-redentor%e2%80%8f","status":"publish","type":"post","link":"https:\/\/radiowebmx.com\/nota\/recorrido-asilo-del-divino-redentor%e2%80%8f\/","title":{"rendered":"Recorrido asilo del Divino Redentor\u200f"},"content":{"rendered":"<p>A invitaci\u00f3n expresa de los directivos del asilo del Divino Redentor, la se\u00f1ora Miriam Cruz de Abud, Presidenta del Sistema DIF Morelia, realiz\u00f3 unrecorrido para conocer las instalaciones del mismo.<\/p>\n<p>&nbsp;<\/p>\n<p>Es importante destacar que dicha instituci\u00f3n tiene 128 a\u00f1os atendiendo con gran sentido humano, responsabilidad y dedicaci\u00f3n a se\u00f1oras llenas de experiencia e historias. En este sitio, adem\u00e1s de dar alojo y alimentos, se brinda atenci\u00f3n m\u00e9dica a las mujeres que ah\u00ed se hospedan.<\/p>\n<p>&nbsp;<\/p>\n<p>Despu\u00e9s del recorrido que Miriam Cruz realiz\u00f3 por las instalaciones, las religiosas encargadas dialogaron con la presidenta del DIF, quien estuvo acompa\u00f1ada por el licenciado Santiago Tapia, director del DIF municipal, as\u00ed como las Damas del Voluntariado del DIF.<\/p>\n","protected":false},"excerpt":{"rendered":"<p>A invitaci\u00f3n expresa de los directivos del asilo del Divino Redentor, la se\u00f1ora Miriam Cruz de Abud, Presidenta del Sistema DIF Morelia, realiz\u00f3 unrecorrido para conocer las instalaciones del mismo.<\/p>\n","protected":false},"author":1,"featured_media":14737,"comment_status":"open","ping_status":"open","sticky":false,"template":"","format":"standard","meta":{"footnotes":""},"categories":[14,9],"tags":[],"class_list":["post-14736","post","type-post","status-publish","format-standard","has-post-thumbnail","hentry","category-destacadas","category-morelia"],"_links":{"self":[{"href":"https:\/\/radiowebmx.com\/nota\/wp-json\/wp\/v2\/posts\/14736","targetHints":{"allow":["GET"]}}],"collection":[{"href":"https:\/\/radiowebmx.com\/nota\/wp-json\/wp\/v2\/posts"}],"about":[{"href":"https:\/\/radiowebmx.com\/nota\/wp-json\/wp\/v2\/types\/post"}],"author":[{"embeddable":true,"href":"https:\/\/radiowebmx.com\/nota\/wp-json\/wp\/v2\/users\/1"}],"replies":[{"embeddable":true,"href":"https:\/\/radiowebmx.com\/nota\/wp-json\/wp\/v2\/comments?post=14736"}],"version-history":[{"count":2,"href":"https:\/\/radiowebmx.com\/nota\/wp-json\/wp\/v2\/posts\/14736\/revisions"}],"predecessor-version":[{"id":14739,"href":"https:\/\/radiowebmx.com\/nota\/wp-json\/wp\/v2\/posts\/14736\/revisions\/14739"}],"wp:featuredmedia":[{"embeddable":true,"href":"https:\/\/radiowebmx.com\/nota\/wp-json\/wp\/v2\/media\/14737"}],"wp:attachment":[{"href":"https:\/\/radiowebmx.com\/nota\/wp-json\/wp\/v2\/media?parent=14736"}],"wp:term":[{"taxonomy":"category","embeddable":true,"href":"https:\/\/radiowebmx.com\/nota\/wp-json\/wp\/v2\/categories?post=14736"},{"taxonomy":"post_tag","embeddable":true,"href":"https:\/\/radiowebmx.com\/nota\/wp-json\/wp\/v2\/tags?post=14736"}],"curies":[{"name":"wp","href":"https:\/\/api.w.org\/{rel}","templated":true}]}}