{"id":14723,"date":"2015-04-21T12:55:01","date_gmt":"2015-04-21T17:55:01","guid":{"rendered":"https:\/\/radiowebmx.com\/nota\/?p=14723"},"modified":"2015-04-21T12:55:01","modified_gmt":"2015-04-21T17:55:01","slug":"inicia-la-primera-semana-nacional-de-salud-bucal","status":"publish","type":"post","link":"https:\/\/radiowebmx.com\/nota\/inicia-la-primera-semana-nacional-de-salud-bucal\/","title":{"rendered":"INICIA LA PRIMERA SEMANA NACIONAL DE SALUD BUCAL"},"content":{"rendered":"<p>En la inauguraci\u00f3n de la Primera Semana Nacional de Salud Bucal, que se efectuar\u00e1 del 20 al 24 del mes en curso, el gobernador Salvador Jara Guerrero recurri\u00f3 al conocido refr\u00e1n \u00a0\u201cm\u00e1s vale prevenir que lamentar\u201d para hacer un\u00a0 llamado a la poblaci\u00f3n a promover y llevar a cabo acciones de prevenci\u00f3n que permitan disminuir los problemas de salud en la ciudadan\u00eda.<\/p>\n<p>Jara Guerrero, luego de felicitar a las maestras de la Estancia para el Desarrollo Infantil \u201cGertrudis Bocanegra\u201d por educar a los ni\u00f1os en la prevenci\u00f3n de la salud, en este caso la bucal, expres\u00f3 que en M\u00e9xico se gasta mucho en ese sector, \u201cpero prevenimos poco\u201d.<\/p>\n<p>Se\u00f1al\u00f3 que las acciones de prevenci\u00f3n no suelen ser muy recurrentes entre la poblaci\u00f3n, y en algunos casos, como la diabetes, M\u00e9xico sigue siendo uno de los primeros a nivel mundial en el n\u00famero de enfermos con ese padecimiento, \u201cy Michoac\u00e1n tiene uno de los problemas m\u00e1s graves a nivel nacional\u201d.<\/p>\n<p>En salud bucal, dijo, hay una situaci\u00f3n similar porque desde la infancia no se tiene una buena prevenci\u00f3n y es que si de ni\u00f1os no se adquieren buenos h\u00e1bitos, sobre todo los relacionados con la higiene y la salud, despu\u00e9s ya es dif\u00edcil que se lleven a cabo.<\/p>\n<p>Por eso, dijo, estas jornadas tienen mucha importancia, porque se trata de que todos \u201ccontribuyamos para difundir\u201d este tipo de educaci\u00f3n y prevenci\u00f3n de la salud.<\/p>\n<p>El presidente municipal Salvador Abud Mirabent, por su parte, manifest\u00f3 que la Semana Nacional de la Salud es un medio de intervenci\u00f3n comunitaria que a\u00f1o con a\u00f1o coadyuva a mejorar la calidad de vida de los michoacanos y afirm\u00f3 que con ese tipo de eventos se afianza la cultura de la prevenci\u00f3n en materia de salud.<\/p>\n<p>A su vez el delegado estatal del ISSSTE, Israel Patr\u00f3n Reyes, consider\u00f3 que la salud es una condici\u00f3n esencial para el desarrollo integral de las personas y puntualiz\u00f3 que la Primera Semana Nacional de Salud Bucal 2015 tiene como objetivo contribuir a la disminuci\u00f3n de enfermedades mediante la promoci\u00f3n de actividades preventivas y curativas en forma intensiva, con la participaci\u00f3n de los sectores p\u00fablico, social y privado.<\/p>\n<p>Luego de que Patr\u00f3n Reyes mencionar\u00e1 que, dentro de las acciones a realizar se encuentran la aplicaci\u00f3n t\u00f3pica de fluoruro y detecci\u00f3n de placa bacteriana, entre otras, el gobernador Salvador Jara Guerrero y la presidenta del DIF-Michoac\u00e1n, Catherine Ettinger, aplicaron la primera dosis de fl\u00faor dental al ni\u00f1o Juli\u00e1n Pe\u00f1a P\u00e9rez-Negr\u00f3n.<\/p>\n<p>Posteriormente las autoridades de los gobiernos federal y estatal, entre ellas el secretario de Salud en Michoac\u00e1n Carlos Aranza Doniz, \u00a0realizaron un recorrido por los stands que instalaron en la explanada de acceso a la delegaci\u00f3n del ISSSTE\u00a0 instituciones del sector salud, educativas y asociaciones de odont\u00f3logos.<\/p>\n","protected":false},"excerpt":{"rendered":"<p>En la inauguraci\u00f3n de la Primera Semana Nacional de Salud Bucal, que se efectuar\u00e1 del 20 al 24 del mes en curso, el gobernador Salvador Jara Guerrero recurri\u00f3 al conocido refr\u00e1n  \u201cm\u00e1s vale prevenir que lamentar\u201d<\/p>\n","protected":false},"author":1,"featured_media":14724,"comment_status":"open","ping_status":"open","sticky":false,"template":"","format":"standard","meta":{"footnotes":""},"categories":[14,3],"tags":[],"class_list":["post-14723","post","type-post","status-publish","format-standard","has-post-thumbnail","hentry","category-destacadas","category-gobierno-del-estado-de-michoacan"],"_links":{"self":[{"href":"https:\/\/radiowebmx.com\/nota\/wp-json\/wp\/v2\/posts\/14723","targetHints":{"allow":["GET"]}}],"collection":[{"href":"https:\/\/radiowebmx.com\/nota\/wp-json\/wp\/v2\/posts"}],"about":[{"href":"https:\/\/radiowebmx.com\/nota\/wp-json\/wp\/v2\/types\/post"}],"author":[{"embeddable":true,"href":"https:\/\/radiowebmx.com\/nota\/wp-json\/wp\/v2\/users\/1"}],"replies":[{"embeddable":true,"href":"https:\/\/radiowebmx.com\/nota\/wp-json\/wp\/v2\/comments?post=14723"}],"version-history":[{"count":1,"href":"https:\/\/radiowebmx.com\/nota\/wp-json\/wp\/v2\/posts\/14723\/revisions"}],"predecessor-version":[{"id":14725,"href":"https:\/\/radiowebmx.com\/nota\/wp-json\/wp\/v2\/posts\/14723\/revisions\/14725"}],"wp:featuredmedia":[{"embeddable":true,"href":"https:\/\/radiowebmx.com\/nota\/wp-json\/wp\/v2\/media\/14724"}],"wp:attachment":[{"href":"https:\/\/radiowebmx.com\/nota\/wp-json\/wp\/v2\/media?parent=14723"}],"wp:term":[{"taxonomy":"category","embeddable":true,"href":"https:\/\/radiowebmx.com\/nota\/wp-json\/wp\/v2\/categories?post=14723"},{"taxonomy":"post_tag","embeddable":true,"href":"https:\/\/radiowebmx.com\/nota\/wp-json\/wp\/v2\/tags?post=14723"}],"curies":[{"name":"wp","href":"https:\/\/api.w.org\/{rel}","templated":true}]}}