{"id":14720,"date":"2015-04-21T12:49:03","date_gmt":"2015-04-21T17:49:03","guid":{"rendered":"https:\/\/radiowebmx.com\/nota\/?p=14720"},"modified":"2015-04-21T12:49:03","modified_gmt":"2015-04-21T17:49:03","slug":"con-el-pan-llego-la-hora-de-cambiar-el-rumbo-en-michoacan","status":"publish","type":"post","link":"https:\/\/radiowebmx.com\/nota\/con-el-pan-llego-la-hora-de-cambiar-el-rumbo-en-michoacan\/","title":{"rendered":"Con el PAN, lleg\u00f3 la hora de cambiar el rumbo en Michoac\u00e1n"},"content":{"rendered":"<p>Ante una euf\u00f3rica ciudadan\u00eda que esta noche abarrot\u00f3 la explanada Jos\u00e9 Mar\u00eda Morelos al demostrar su apoyo al abanderado del PAN en Taretan, el presidente estatal del blanquiazul, Miguel \u00c1ngel Ch\u00e1vez Zavala, anunci\u00f3 a los michoacanos que lleg\u00f3 la hora de cambiar el rumbo con el Partido Acci\u00f3n Nacional, toda vez que as\u00ed como la poblaci\u00f3n de este municipio, a lo largo de la geograf\u00eda michoacana existe un contundente y tajante rechazo a los gobiernos del tricolor que permitieron a los delincuentes arrebatar la libertad y tranquilidad de nuestras familias.<\/p>\n<p>&nbsp;<\/p>\n<p>En la culminaci\u00f3n de una gira de la dirigencia panista iniciada desde los primeros minutos de este 20 de abril para acompa\u00f1ar los arranques de campa\u00f1a de los candidatos a presidentes municipales y diputados en municipios como Morelia, Zamora, Uruapan y Ziracuaretiro, el jefe del panismo michoacano se\u00f1al\u00f3 que el proyecto azul est\u00e1 decidido a cambiar en grande la realidad no s\u00f3lo de Taretan, sino de todo Michoac\u00e1n y de M\u00e9xico entero con pol\u00edticos cargados de buenas ideas y mejores propuestas.<\/p>\n<p>&nbsp;<\/p>\n<p>Tras levantar la mano a Alejandro Ch\u00e1vez Zavala, de quien asegur\u00f3 ser\u00e1 el pr\u00f3ximo presidente municipal de Taretan, el dirigente de Acci\u00f3n Nacional en Michoac\u00e1n proclam\u00f3 que el intenso \u00edmpetu de cambio en grande ha sido detonado en el coraz\u00f3n de los panistas para evitar que sigan gobernando aquellos que aprovecharon sus cargos como autoridades para robar, extorsionar, asesinar y perpetrar desapariciones entre la poblaci\u00f3n.<\/p>\n<p>&nbsp;<\/p>\n<p>\u201cDe cara a cara a los ciudadanos les puedo decir que est\u00e1 muy dif\u00edcil resolver los graves problemas de seguridad, educaci\u00f3n, salud, desarrollo social, generaci\u00f3n de empleos, pavimentaci\u00f3n, drenaje, alumbrado, agua potable y aseo p\u00fablico que existen en Taretan y se replican a lo largo y ancho del estado, pero est\u00e1 a\u00fan m\u00e1s dif\u00edcil seguir encargando el gobierno municipal a quienes lo han destruido y saqueado\u201d, advirti\u00f3.<\/p>\n<p>&nbsp;<\/p>\n<p>Para ello, asever\u00f3, Acci\u00f3n Nacional le ofrece a los michoacanos lo que necesitan en sus municipios al igual que en Taretan, es decir, presidentes municipales que tengan un alto compromiso y vocaci\u00f3n de servicio con su ciudadan\u00eda, y proveer entre muchos otros factores de bienestar, las oportunidades de empleo para que los j\u00f3venes se desarrollen y se eduquen con principios y valores.<\/p>\n<p>&nbsp;<\/p>\n<p>Miguel \u00c1ngel Ch\u00e1vez Zavala afirm\u00f3 que el PAN en Michoac\u00e1n lograr\u00e1 contrarrestar el gran da\u00f1o de los malos gobiernos con un aut\u00e9ntico apoyo a campesinos subyugados como lo son los ca\u00f1eros, a los productores de zarzamora que pese a las dificultades generan empleos, a las mujeres trabajadoras que dejan la vida en sus empleos.<\/p>\n<p>&nbsp;<\/p>\n<p>\u201cEs as\u00ed que sin ninguna duda garantiz\u00f3 que con Alejandro Ch\u00e1vez en Taretan y Acci\u00f3n Nacional en todos los municipios y principalmente en el Ejecutivo Estatal, tendremos un gobierno de verdad, un gobierno de trabajo y de resultados, un gobierno con honestidad, un gobierno que logre el cambio en grande que los michoacanos necesitamos y merecemos\u201d, culmin\u00f3 el dirigente.<\/p>\n<p>&nbsp;<\/p>\n<p>Cabe mencionar que este arranque de campa\u00f1a en el lugar natal del l\u00edder panista cont\u00f3 con el acompa\u00f1amiento del senador Salvador Vega Casillas, los diputados federales Berenice \u00c1lvarez, Uriel L\u00f3pez y Pedro del R\u00edo, as\u00ed como las candidatas a la diputaci\u00f3n local y federal de esta zona, Joanna Moreno y Ramona\u00a0 S\u00e1nchez; adem\u00e1s del aspirante a presidente municipal de Ziracuaretiro, Antonio Gonz\u00e1lez.<\/p>\n","protected":false},"excerpt":{"rendered":"<p>Ante una euf\u00f3rica ciudadan\u00eda que esta noche abarrot\u00f3 la explanada Jos\u00e9 Mar\u00eda Morelos al demostrar su apoyo al abanderado del PAN en Taretan, el presidente estatal del blanquiazul, Miguel \u00c1ngel Ch\u00e1vez Zavala, anunci\u00f3 a los michoacanos que lleg\u00f3 la hora de cambiar el rumbo con el Partido Acci\u00f3n Nacional,<\/p>\n","protected":false},"author":1,"featured_media":14721,"comment_status":"open","ping_status":"open","sticky":false,"template":"","format":"standard","meta":{"footnotes":""},"categories":[14,13,11],"tags":[],"class_list":["post-14720","post","type-post","status-publish","format-standard","has-post-thumbnail","hentry","category-destacadas","category-pan","category-partidos-politicos"],"_links":{"self":[{"href":"https:\/\/radiowebmx.com\/nota\/wp-json\/wp\/v2\/posts\/14720","targetHints":{"allow":["GET"]}}],"collection":[{"href":"https:\/\/radiowebmx.com\/nota\/wp-json\/wp\/v2\/posts"}],"about":[{"href":"https:\/\/radiowebmx.com\/nota\/wp-json\/wp\/v2\/types\/post"}],"author":[{"embeddable":true,"href":"https:\/\/radiowebmx.com\/nota\/wp-json\/wp\/v2\/users\/1"}],"replies":[{"embeddable":true,"href":"https:\/\/radiowebmx.com\/nota\/wp-json\/wp\/v2\/comments?post=14720"}],"version-history":[{"count":1,"href":"https:\/\/radiowebmx.com\/nota\/wp-json\/wp\/v2\/posts\/14720\/revisions"}],"predecessor-version":[{"id":14722,"href":"https:\/\/radiowebmx.com\/nota\/wp-json\/wp\/v2\/posts\/14720\/revisions\/14722"}],"wp:featuredmedia":[{"embeddable":true,"href":"https:\/\/radiowebmx.com\/nota\/wp-json\/wp\/v2\/media\/14721"}],"wp:attachment":[{"href":"https:\/\/radiowebmx.com\/nota\/wp-json\/wp\/v2\/media?parent=14720"}],"wp:term":[{"taxonomy":"category","embeddable":true,"href":"https:\/\/radiowebmx.com\/nota\/wp-json\/wp\/v2\/categories?post=14720"},{"taxonomy":"post_tag","embeddable":true,"href":"https:\/\/radiowebmx.com\/nota\/wp-json\/wp\/v2\/tags?post=14720"}],"curies":[{"name":"wp","href":"https:\/\/api.w.org\/{rel}","templated":true}]}}