{"id":14716,"date":"2015-04-21T12:46:21","date_gmt":"2015-04-21T17:46:21","guid":{"rendered":"https:\/\/radiowebmx.com\/nota\/?p=14716"},"modified":"2015-04-21T12:46:21","modified_gmt":"2015-04-21T17:46:21","slug":"nacho-alvarado-compromete-a-concluir-con-calidad-vialidades-de-morelia","status":"publish","type":"post","link":"https:\/\/radiowebmx.com\/nota\/nacho-alvarado-compromete-a-concluir-con-calidad-vialidades-de-morelia\/","title":{"rendered":"NACHO ALVARADO COMPROMETE A CONCLUIR CON CALIDAD VIALIDADES DE MORELIA"},"content":{"rendered":"<p>El candidato del PAN a la Presidencia Municipal de Morelia, Nacho Alvarado Laris, afirm\u00f3 que de ser favorecido por el voto este 7 de junio, uno de sus principales retos es mejorar la movilidad urbana, en donde los ciudadanos cuenten con mejores v\u00edas, puedan hacer m\u00e1s eficientes sus trayectos y la ciudad encuentre ese toque de modernidad y desarrollo que da la infraestructura vial.<\/p>\n<p>&nbsp;<\/p>\n<p>Alvarado Laris comprometi\u00f3 que dar\u00e1 continuidad a obras que han quedado inconclusas y repavimentar\u00e1 con calidad las vialidades m\u00e1s importantes como la Avenida Morelos, Virrey de Mendoza, L\u00e1zaro C\u00e1rdenas, Ticateme, Raza Maya, entre otras 20 avenidas m\u00e1s.<\/p>\n<p>&nbsp;<\/p>\n<p>Nacho Alvarado manifest\u00f3 que impulsar\u00e1 el Proyecto Ejecutivo Circuito Interior, el cual contempla adem\u00e1s de los cinco pasos a desnivel que se construyeron en la zona de Libramiento Rep\u00fablica, otros siete pasos a desnivel m\u00e1s y la ampliaci\u00f3n de laterales en ciertos puntos estrat\u00e9gicos para agilizar la vialidad.<\/p>\n<p>&nbsp;<\/p>\n<p>Manifest\u00f3 que si se busca generar empleos en Morelia, se tiene que abordar el tema de la movilidad urbana sin dejar a un lado el tema ambiental; por ello, dijo que su proyecto contempla tres bosques m\u00e1s para Morelia, iniciando el rescate al Plan de los Olivos, seguido por Presa Los Reyes y la zona subida-bajada Santa Mar\u00eda.<\/p>\n<p>&nbsp;<\/p>\n<p>En su primer d\u00eda de campa\u00f1a el abanderado de Acci\u00f3n Nacional recorri\u00f3 las colonias Obrera y Vasco de Quiroga, donde recogi\u00f3 las necesidades de los ciudadanos y les explic\u00f3 sus propuestas.<\/p>\n","protected":false},"excerpt":{"rendered":"<p>El candidato del PAN a la Presidencia Municipal de Morelia, Nacho Alvarado Laris, afirm\u00f3 que de ser favorecido por el voto este 7 de junio, uno de sus principales retos es mejorar la movilidad urbana, en donde los ciudadanos cuenten con mejores v\u00edas,<\/p>\n","protected":false},"author":1,"featured_media":14718,"comment_status":"open","ping_status":"open","sticky":false,"template":"","format":"standard","meta":{"footnotes":""},"categories":[14,13,11],"tags":[],"class_list":["post-14716","post","type-post","status-publish","format-standard","has-post-thumbnail","hentry","category-destacadas","category-pan","category-partidos-politicos"],"_links":{"self":[{"href":"https:\/\/radiowebmx.com\/nota\/wp-json\/wp\/v2\/posts\/14716","targetHints":{"allow":["GET"]}}],"collection":[{"href":"https:\/\/radiowebmx.com\/nota\/wp-json\/wp\/v2\/posts"}],"about":[{"href":"https:\/\/radiowebmx.com\/nota\/wp-json\/wp\/v2\/types\/post"}],"author":[{"embeddable":true,"href":"https:\/\/radiowebmx.com\/nota\/wp-json\/wp\/v2\/users\/1"}],"replies":[{"embeddable":true,"href":"https:\/\/radiowebmx.com\/nota\/wp-json\/wp\/v2\/comments?post=14716"}],"version-history":[{"count":1,"href":"https:\/\/radiowebmx.com\/nota\/wp-json\/wp\/v2\/posts\/14716\/revisions"}],"predecessor-version":[{"id":14719,"href":"https:\/\/radiowebmx.com\/nota\/wp-json\/wp\/v2\/posts\/14716\/revisions\/14719"}],"wp:featuredmedia":[{"embeddable":true,"href":"https:\/\/radiowebmx.com\/nota\/wp-json\/wp\/v2\/media\/14718"}],"wp:attachment":[{"href":"https:\/\/radiowebmx.com\/nota\/wp-json\/wp\/v2\/media?parent=14716"}],"wp:term":[{"taxonomy":"category","embeddable":true,"href":"https:\/\/radiowebmx.com\/nota\/wp-json\/wp\/v2\/categories?post=14716"},{"taxonomy":"post_tag","embeddable":true,"href":"https:\/\/radiowebmx.com\/nota\/wp-json\/wp\/v2\/tags?post=14716"}],"curies":[{"name":"wp","href":"https:\/\/api.w.org\/{rel}","templated":true}]}}