{"id":14713,"date":"2015-04-21T12:43:28","date_gmt":"2015-04-21T17:43:28","guid":{"rendered":"https:\/\/radiowebmx.com\/nota\/?p=14713"},"modified":"2015-04-21T12:43:28","modified_gmt":"2015-04-21T17:43:28","slug":"definen-pluris-en-el-pri","status":"publish","type":"post","link":"https:\/\/radiowebmx.com\/nota\/definen-pluris-en-el-pri\/","title":{"rendered":"DEFINEN PLURIS EN EL PRI."},"content":{"rendered":"<p>Este d\u00eda en Sesi\u00f3n de la Comisi\u00f3n de Pol\u00edtica Permanente del Partido Revolucionario Institucional, quedaron definidas las 16 posiciones para candidatos a diputados locales por el m\u00e9todo de representaci\u00f3n proporcional, junto con sus respectivos suplentes.<\/p>\n<p>Mostrando la unidad pri\u00edsta los consejeros pol\u00edticos miembros de la Comisi\u00f3n Permanente asistieron a esta convocatoria, la lista de candidatos a diputados locales plurinominales fue aprobada en dicha sesi\u00f3n y qued\u00f3 definida de la siguiente forma:<\/p>\n<p>&nbsp;<\/p>\n<div align=\"center\">\n<table border=\"1\" cellspacing=\"0\" cellpadding=\"0\">\n<tbody>\n<tr>\n<td valign=\"top\" width=\"75\">\n<p align=\"center\"><b>FORMULA<\/b><\/p>\n<\/td>\n<td valign=\"top\" width=\"253\">\n<p align=\"center\"><b>PROPIETARIO<\/b><\/p>\n<\/td>\n<td valign=\"top\" width=\"248\">\n<p align=\"center\"><b>SUPLENTE<\/b><\/p>\n<\/td>\n<\/tr>\n<tr>\n<td valign=\"top\" width=\"75\">\n<p align=\"center\"><b>1<\/b><\/p>\n<\/td>\n<td valign=\"top\" width=\"253\">\n<p align=\"center\">Wilfrido L\u00e1zaro Medina.<\/p>\n<\/td>\n<td valign=\"top\" width=\"248\">\n<p align=\"center\">Omar C\u00e1rdenas Ortiz.<\/p>\n<\/td>\n<\/tr>\n<tr>\n<td valign=\"top\" width=\"75\">\n<p align=\"center\"><b>2<\/b><\/p>\n<\/td>\n<td valign=\"top\" width=\"253\">\n<p align=\"center\">Rosa Mar\u00eda de la Torre Torres.<\/p>\n<\/td>\n<td valign=\"top\" width=\"248\">\n<p align=\"center\">Loredana Garc\u00eda Flores.<\/p>\n<\/td>\n<\/tr>\n<tr>\n<td valign=\"top\" width=\"75\">\n<p align=\"center\"><b>3<\/b><\/p>\n<\/td>\n<td valign=\"top\" width=\"253\">\n<p align=\"center\">Mario Armando Mendoza Guzm\u00e1n.<\/p>\n<\/td>\n<td valign=\"top\" width=\"248\">\n<p align=\"center\">Arturo Gamboa Mendoza.<\/p>\n<\/td>\n<\/tr>\n<tr>\n<td valign=\"top\" width=\"75\">\n<p align=\"center\"><b>4<\/b><\/p>\n<\/td>\n<td valign=\"top\" width=\"253\">\n<p align=\"center\">X\u00f3chitl Gabriela Ru\u00edz Gonz\u00e1lez.<\/p>\n<\/td>\n<td valign=\"top\" width=\"248\">\n<p align=\"center\">Mercedes Alejandra Castro Calder\u00f3n.<\/p>\n<\/td>\n<\/tr>\n<tr>\n<td valign=\"top\" width=\"75\">\n<p align=\"center\"><b>5<\/b><\/p>\n<\/td>\n<td valign=\"top\" width=\"253\">\n<p align=\"center\">Roberto Carlos L\u00f3pez Garc\u00eda.<\/p>\n<\/td>\n<td valign=\"top\" width=\"248\">\n<p align=\"center\">Jud\u00e1 Aser V\u00e1zquez Hern\u00e1ndez.<\/p>\n<\/td>\n<\/tr>\n<tr>\n<td valign=\"top\" width=\"75\">\n<p align=\"center\"><b>6<\/b><\/p>\n<\/td>\n<td valign=\"top\" width=\"253\">\n<p align=\"center\">Martha Patricia Medina Garibay.<\/p>\n<\/td>\n<td valign=\"top\" width=\"248\">\n<p align=\"center\">Mayra Moreno Rodr\u00edguez.<\/p>\n<\/td>\n<\/tr>\n<tr>\n<td valign=\"top\" width=\"75\">\n<p align=\"center\"><b>7<\/b><\/p>\n<\/td>\n<td valign=\"top\" width=\"253\">\n<p align=\"center\">Jes\u00fas Remigio Garc\u00eda Maldonado.<\/p>\n<\/td>\n<td valign=\"top\" width=\"248\">\n<p align=\"center\">Gerardo Nava Mej\u00eda.<\/p>\n<\/td>\n<\/tr>\n<tr>\n<td valign=\"top\" width=\"75\">\n<p align=\"center\"><b>8<\/b><\/p>\n<\/td>\n<td valign=\"top\" width=\"253\">\n<p align=\"center\">Mahaleth Molina Coria.<\/p>\n<\/td>\n<td valign=\"top\" width=\"248\">\n<p align=\"center\">Gisela Valdez Cardiel.<\/p>\n<\/td>\n<\/tr>\n<tr>\n<td valign=\"top\" width=\"75\">\n<p align=\"center\"><b>9<\/b><\/p>\n<\/td>\n<td valign=\"top\" width=\"253\">\n<p align=\"center\">Arsenio Hern\u00e1ndez Gama.<\/p>\n<\/td>\n<td valign=\"top\" width=\"248\">\n<p align=\"center\">Seraf\u00edn Vargas Quintero.<\/p>\n<\/td>\n<\/tr>\n<tr>\n<td valign=\"top\" width=\"75\">\n<p align=\"center\"><b>10<\/b><\/p>\n<\/td>\n<td valign=\"top\" width=\"253\">\n<p align=\"center\">Anel Jaqueline Hern\u00e1ndez Villica\u00f1a.<\/p>\n<\/td>\n<td valign=\"top\" width=\"248\">\n<p align=\"center\">Mar\u00eda \u00c1ngela Nava Ceja.<\/p>\n<\/td>\n<\/tr>\n<tr>\n<td valign=\"top\" width=\"75\">\n<p align=\"center\"><b>11<\/b><\/p>\n<\/td>\n<td valign=\"top\" width=\"253\">\n<p align=\"center\">Aldo Gabriel Argueta Mart\u00ednez.<\/p>\n<\/td>\n<td valign=\"top\" width=\"248\">\n<p align=\"center\">Faustino Mart\u00ednez Hern\u00e1ndez.<\/p>\n<\/td>\n<\/tr>\n<tr>\n<td valign=\"top\" width=\"75\">\n<p align=\"center\"><b>12<\/b><\/p>\n<\/td>\n<td valign=\"top\" width=\"253\">\n<p align=\"center\">Lunia Valdes Hern\u00e1ndez.<\/p>\n<\/td>\n<td valign=\"top\" width=\"248\">\n<p align=\"center\">Diana Carolina Tomas Flores.<\/p>\n<\/td>\n<\/tr>\n<tr>\n<td valign=\"top\" width=\"75\">\n<p align=\"center\"><b>13<\/b><\/p>\n<\/td>\n<td valign=\"top\" width=\"253\">\n<p align=\"center\">Rams\u00e9s Montoya Aguilar.<\/p>\n<\/td>\n<td valign=\"top\" width=\"248\">\n<p align=\"center\">Mauricio Rojas Pedraza.<\/p>\n<\/td>\n<\/tr>\n<tr>\n<td valign=\"top\" width=\"75\">\n<p align=\"center\"><b>14<\/b><\/p>\n<\/td>\n<td valign=\"top\" width=\"253\">\n<p align=\"center\">Belinda Casimiro Flores<\/p>\n<\/td>\n<td valign=\"top\" width=\"248\">\n<p align=\"center\">Dulce Avellaneda Naranjo<\/p>\n<\/td>\n<\/tr>\n<tr>\n<td valign=\"top\" width=\"75\">\n<p align=\"center\"><b>15<\/b><\/p>\n<\/td>\n<td valign=\"top\" width=\"253\">\n<p align=\"center\">Abraham Sol\u00f3rzano Su\u00e1rez<\/p>\n<\/td>\n<td valign=\"top\" width=\"248\">\n<p align=\"center\">David Vega Aguilar<\/p>\n<\/td>\n<\/tr>\n<tr>\n<td valign=\"top\" width=\"75\">\n<p align=\"center\"><b>16<\/b><\/p>\n<\/td>\n<td valign=\"top\" width=\"253\">\n<p align=\"center\">Mar\u00eda de Roc\u00edo Luqu\u00edn Vald\u00e9s<\/p>\n<\/td>\n<td valign=\"top\" width=\"248\">\n<p align=\"center\">Paula Isabel Villanueva Ch\u00e1vez.<\/p>\n<\/td>\n<\/tr>\n<\/tbody>\n<\/table>\n<\/div>\n<p>&nbsp;<\/p>\n<p>&nbsp;<\/p>\n<p>Con este ejercicio de democracia y justicia el Partido Revolucionario Institucional, da muestras de la unidad que prevalece y por la que siempre ha pugnado.<\/p>\n","protected":false},"excerpt":{"rendered":"<p>Este d\u00eda en Sesi\u00f3n de la Comisi\u00f3n de Pol\u00edtica Permanente del Partido Revolucionario Institucional, quedaron definidas las 16 posiciones para candidatos a diputados locales por el m\u00e9todo de representaci\u00f3n proporcional, junto con sus respectivos suplentes.<\/p>\n","protected":false},"author":1,"featured_media":14714,"comment_status":"open","ping_status":"open","sticky":false,"template":"","format":"standard","meta":{"footnotes":""},"categories":[14,11,12],"tags":[],"class_list":["post-14713","post","type-post","status-publish","format-standard","has-post-thumbnail","hentry","category-destacadas","category-partidos-politicos","category-pri"],"_links":{"self":[{"href":"https:\/\/radiowebmx.com\/nota\/wp-json\/wp\/v2\/posts\/14713","targetHints":{"allow":["GET"]}}],"collection":[{"href":"https:\/\/radiowebmx.com\/nota\/wp-json\/wp\/v2\/posts"}],"about":[{"href":"https:\/\/radiowebmx.com\/nota\/wp-json\/wp\/v2\/types\/post"}],"author":[{"embeddable":true,"href":"https:\/\/radiowebmx.com\/nota\/wp-json\/wp\/v2\/users\/1"}],"replies":[{"embeddable":true,"href":"https:\/\/radiowebmx.com\/nota\/wp-json\/wp\/v2\/comments?post=14713"}],"version-history":[{"count":2,"href":"https:\/\/radiowebmx.com\/nota\/wp-json\/wp\/v2\/posts\/14713\/revisions"}],"predecessor-version":[{"id":14717,"href":"https:\/\/radiowebmx.com\/nota\/wp-json\/wp\/v2\/posts\/14713\/revisions\/14717"}],"wp:featuredmedia":[{"embeddable":true,"href":"https:\/\/radiowebmx.com\/nota\/wp-json\/wp\/v2\/media\/14714"}],"wp:attachment":[{"href":"https:\/\/radiowebmx.com\/nota\/wp-json\/wp\/v2\/media?parent=14713"}],"wp:term":[{"taxonomy":"category","embeddable":true,"href":"https:\/\/radiowebmx.com\/nota\/wp-json\/wp\/v2\/categories?post=14713"},{"taxonomy":"post_tag","embeddable":true,"href":"https:\/\/radiowebmx.com\/nota\/wp-json\/wp\/v2\/tags?post=14713"}],"curies":[{"name":"wp","href":"https:\/\/api.w.org\/{rel}","templated":true}]}}