{"id":14710,"date":"2015-04-21T12:38:51","date_gmt":"2015-04-21T17:38:51","guid":{"rendered":"https:\/\/radiowebmx.com\/nota\/?p=14710"},"modified":"2015-04-21T12:38:51","modified_gmt":"2015-04-21T17:38:51","slug":"miles-de-integrantes-de-los-sectores-minero-electricista-y-fstse-se-sumanal-proyecto-de-orden-de-chon-orihuela","status":"publish","type":"post","link":"https:\/\/radiowebmx.com\/nota\/miles-de-integrantes-de-los-sectores-minero-electricista-y-fstse-se-sumanal-proyecto-de-orden-de-chon-orihuela\/","title":{"rendered":"MILES DE INTEGRANTES DE LOS SECTORES MINERO, ELECTRICISTA Y FSTSE SE SUMAN\tAL PROYECTO DE ORDEN DE CHON ORIHUELA"},"content":{"rendered":"<p>Gran j\u00fabilo y entusiasmo se vivi\u00f3 en L\u00e1zaro C\u00e1rdenas ya que miles de integrantes de los sectores minero, electricista y FSTSE se sumaron decididamente y en pleno apoyo al proyecto de Chon Orihuela. Manifestaron su seguridad en que ser\u00e1 el pr\u00f3ximo gobernador de Michoac\u00e1n.<\/p>\n<p>&nbsp;<\/p>\n<p>El abanderado del Partido Revolucionario Institucional present\u00f3 sus propuestas de acciones gubernamentales para poner orden en la entidad y lanz\u00f3 un llamado a\u00a0 todos los michoacanos para trabajar juntos en mejorar las condiciones econ\u00f3micas\u00a0 y sociales que el estado requiere.<\/p>\n<p>&nbsp;<\/p>\n<p>Quien tambi\u00e9n encabeza la candidatura del Partido Verde, se comprometi\u00f3 a poner orden en el gobierno, para reconstruir lo que los perredistas dejaron de hacer, en el caso de L\u00e1zaro C\u00e1rdenas, extern\u00f3 habr\u00e1 de\u00a0 atender la demanda de salud que tanto se necesita en esta regi\u00f3n, para fortalecer la infraestructura en las cl\u00ednicas del IMSS y del ISSSTE, adem\u00e1s de mejorar las condiciones de educaci\u00f3n, con el apoyo del gobierno federal,\u00a0 as\u00ed como asever\u00f3, ser\u00e1 primordial generar empleos en los sectores\u00a0 mineros y tur\u00edstico.<\/p>\n<p>&nbsp;<\/p>\n<p>M\u00e1s trabajo para la gente local que fortalezca las acciones de desarrollo no solo en el puerto, sino tambi\u00e9n en la ciudad para que exista un equilibrio de crecimiento&#8221;, apunt\u00f3.<\/p>\n<p>&nbsp;<\/p>\n<p>Al ser el puerto de\u00a0 L\u00e1zaro C\u00e1rdenas uno de los polos de desarrollo que representa los grandes potenciales de Michoac\u00e1n con el turismo, la miner\u00eda y la agricultura, Orihuela B\u00e1rcenas extern\u00f3 se deben aprovechar para generar el movimiento econ\u00f3mico no solo en los sectores industriales, sino tambi\u00e9n en la poblaci\u00f3n, para que ello se traduzca en mejoramiento de servicios urbanos,\u00a0 mejoramiento vial, alumbrado p\u00fablico, mejores condiciones de suministro de agua potable; y en el caso del campo impulsar la agroindustria para que se procesen los mangos y darle valor agregado a este producto, a la vez potencializarlo al mercado internacional.<\/p>\n<p>&nbsp;<\/p>\n<p>Por ello, llam\u00f3 a los trabajadores de los diversos sindicatos de este puerto a transmitir este mensaje que llevar\u00e1 a\u00a0 poner orden en Michoac\u00e1n y que el PRI habr\u00e1 de realizar estando al frente del gobierno en el estado, y precisamente en ese tenor\u00a0 pidi\u00f3 a los presentes que el pr\u00f3ximo 7 de junio el voto se haga en l\u00ednea por las propuestas que el Revolucionario Institucional\u00a0 est\u00e1 presentando para presidentes municipales, diputados locales, federales y al gobierno del estado, para que juntos lleven al este municipio al desarrollo que debe de tener.<\/p>\n<p>&nbsp;<\/p>\n","protected":false},"excerpt":{"rendered":"<p>Gran j\u00fabilo y entusiasmo se vivi\u00f3 en L\u00e1zaro C\u00e1rdenas ya que miles de integrantes de los sectores minero, electricista y FSTSE se sumaron decididamente y en pleno apoyo al proyecto de Chon Orihuela. Manifestaron su seguridad en que ser\u00e1 el pr\u00f3ximo gobernador de Michoac\u00e1n.<\/p>\n","protected":false},"author":1,"featured_media":14711,"comment_status":"open","ping_status":"open","sticky":false,"template":"","format":"standard","meta":{"footnotes":""},"categories":[14,11,12],"tags":[],"class_list":["post-14710","post","type-post","status-publish","format-standard","has-post-thumbnail","hentry","category-destacadas","category-partidos-politicos","category-pri"],"_links":{"self":[{"href":"https:\/\/radiowebmx.com\/nota\/wp-json\/wp\/v2\/posts\/14710","targetHints":{"allow":["GET"]}}],"collection":[{"href":"https:\/\/radiowebmx.com\/nota\/wp-json\/wp\/v2\/posts"}],"about":[{"href":"https:\/\/radiowebmx.com\/nota\/wp-json\/wp\/v2\/types\/post"}],"author":[{"embeddable":true,"href":"https:\/\/radiowebmx.com\/nota\/wp-json\/wp\/v2\/users\/1"}],"replies":[{"embeddable":true,"href":"https:\/\/radiowebmx.com\/nota\/wp-json\/wp\/v2\/comments?post=14710"}],"version-history":[{"count":1,"href":"https:\/\/radiowebmx.com\/nota\/wp-json\/wp\/v2\/posts\/14710\/revisions"}],"predecessor-version":[{"id":14712,"href":"https:\/\/radiowebmx.com\/nota\/wp-json\/wp\/v2\/posts\/14710\/revisions\/14712"}],"wp:featuredmedia":[{"embeddable":true,"href":"https:\/\/radiowebmx.com\/nota\/wp-json\/wp\/v2\/media\/14711"}],"wp:attachment":[{"href":"https:\/\/radiowebmx.com\/nota\/wp-json\/wp\/v2\/media?parent=14710"}],"wp:term":[{"taxonomy":"category","embeddable":true,"href":"https:\/\/radiowebmx.com\/nota\/wp-json\/wp\/v2\/categories?post=14710"},{"taxonomy":"post_tag","embeddable":true,"href":"https:\/\/radiowebmx.com\/nota\/wp-json\/wp\/v2\/tags?post=14710"}],"curies":[{"name":"wp","href":"https:\/\/api.w.org\/{rel}","templated":true}]}}