{"id":14702,"date":"2015-04-17T13:59:12","date_gmt":"2015-04-17T18:59:12","guid":{"rendered":"https:\/\/radiowebmx.com\/nota\/?p=14702"},"modified":"2015-04-17T13:59:12","modified_gmt":"2015-04-17T18:59:12","slug":"relevos-en-la-comision-forestal-del-estado-de-michoacan-y-secretaria-de-pueblos-indigenas","status":"publish","type":"post","link":"https:\/\/radiowebmx.com\/nota\/relevos-en-la-comision-forestal-del-estado-de-michoacan-y-secretaria-de-pueblos-indigenas\/","title":{"rendered":"RELEVOS EN LA COMISI\u00d3N FORESTAL DEL ESTADO DE MICHOAC\u00c1N Y SECRETAR\u00cdA DE PUEBLOS IND\u00cdGENAS"},"content":{"rendered":"<p>El secretario de Gobierno Jaime Esparza Cortina, anunci\u00f3 relevos en la Comisi\u00f3n Forestal del Estado y en Secretar\u00eda de Pueblos Ind\u00edgenas.<\/p>\n<p>&nbsp;<\/p>\n<p>Se\u00f1al\u00f3 que Michoac\u00e1n\u00a0 requiere funcionarios comprometidos para cerrar con gran intensidad este gobierno. Como director de la Comisi\u00f3n Forestal del Estado de Michoac\u00e1n llega Silvino Ch\u00e1vez Flores en sustituci\u00f3n de Martha Josefina Rodr\u00edguez Casillas.<\/p>\n<p>Ch\u00e1vez Flores\u00a0 es ingeniero en tecnolog\u00eda de la madera, investigador titular en el Instituto Nacional de Investigaciones Forestales (INIF), se ha desempe\u00f1ado como asesor de Productos Forestales de Michoac\u00e1n (PROFORMICH), secretario particular del secretario de la\u00a0 Secretaria de Desarrollo Agropecuario Sadagro, jefe de departamento en la Secretar\u00eda de Planeaci\u00f3n y Desarrollo Acad\u00e9mico as\u00ed como subdirector de Planeaci\u00f3n\u00a0 y Desarrollo Forestal de la Comisi\u00f3n Forestal del Estado (COFOM).<\/p>\n<p>&nbsp;<\/p>\n<p>Como titular de la\u00a0 Secretar\u00eda de Pueblos Ind\u00edgenas asume el cargo Martha Josefina Rodr\u00edguez Casillas, en sustituci\u00f3n de Juan Zacar\u00edas Paz. Rodr\u00edguez Casillas ha ejercido como directora general de la Comisi\u00f3n Forestal del Estado, directora de Concentraci\u00f3n Agraria, coordinadora del Grupo Especializado para el Programa de Atenci\u00f3n a Conflictos Sociales en el Medio Rural \u201cMeseta Pur\u00e9pecha\u201d en Michoac\u00e1n y secretaria \u00a0t\u00e9cnica de<b> <\/b>Asuntos Agrarios de la Secretar\u00eda General de Gobierno.<\/p>\n<p>El encargado de la pol\u00edtica interna, exhort\u00f3 a los nuevos funcionarios a\u00a0 trabajar con los principios de honestidad y respeto, hacer su m\u00e1ximo esfuerzo para concluir con \u00e9xito la actual administraci\u00f3n.<\/p>\n","protected":false},"excerpt":{"rendered":"<p>El secretario de Gobierno Jaime Esparza Cortina, anunci\u00f3 relevos en la Comisi\u00f3n Forestal del Estado y en Secretar\u00eda de Pueblos Ind\u00edgenas.<\/p>\n","protected":false},"author":1,"featured_media":0,"comment_status":"open","ping_status":"open","sticky":false,"template":"","format":"standard","meta":{"footnotes":""},"categories":[14,3],"tags":[],"class_list":["post-14702","post","type-post","status-publish","format-standard","hentry","category-destacadas","category-gobierno-del-estado-de-michoacan"],"_links":{"self":[{"href":"https:\/\/radiowebmx.com\/nota\/wp-json\/wp\/v2\/posts\/14702","targetHints":{"allow":["GET"]}}],"collection":[{"href":"https:\/\/radiowebmx.com\/nota\/wp-json\/wp\/v2\/posts"}],"about":[{"href":"https:\/\/radiowebmx.com\/nota\/wp-json\/wp\/v2\/types\/post"}],"author":[{"embeddable":true,"href":"https:\/\/radiowebmx.com\/nota\/wp-json\/wp\/v2\/users\/1"}],"replies":[{"embeddable":true,"href":"https:\/\/radiowebmx.com\/nota\/wp-json\/wp\/v2\/comments?post=14702"}],"version-history":[{"count":2,"href":"https:\/\/radiowebmx.com\/nota\/wp-json\/wp\/v2\/posts\/14702\/revisions"}],"predecessor-version":[{"id":14704,"href":"https:\/\/radiowebmx.com\/nota\/wp-json\/wp\/v2\/posts\/14702\/revisions\/14704"}],"wp:attachment":[{"href":"https:\/\/radiowebmx.com\/nota\/wp-json\/wp\/v2\/media?parent=14702"}],"wp:term":[{"taxonomy":"category","embeddable":true,"href":"https:\/\/radiowebmx.com\/nota\/wp-json\/wp\/v2\/categories?post=14702"},{"taxonomy":"post_tag","embeddable":true,"href":"https:\/\/radiowebmx.com\/nota\/wp-json\/wp\/v2\/tags?post=14702"}],"curies":[{"name":"wp","href":"https:\/\/api.w.org\/{rel}","templated":true}]}}