{"id":14699,"date":"2015-04-17T13:57:19","date_gmt":"2015-04-17T18:57:19","guid":{"rendered":"https:\/\/radiowebmx.com\/nota\/?p=14699"},"modified":"2015-04-17T13:57:19","modified_gmt":"2015-04-17T18:57:19","slug":"debemos-replicar-valores-que-nos-han-heredado-los-migrantes-michoacanos-sjg","status":"publish","type":"post","link":"https:\/\/radiowebmx.com\/nota\/debemos-replicar-valores-que-nos-han-heredado-los-migrantes-michoacanos-sjg\/","title":{"rendered":"DEBEMOS REPLICAR VALORES QUE NOS HAN HEREDADO LOS MIGRANTES MICHOACANOS: SJG"},"content":{"rendered":"<p>Nos sentimos orgullosos de nuestros migrantes, quienes han tomado lo mejor de los dos pa\u00edses \u2013el de su origen y en el que residen- para formar nuevos valores; quisiera que nos trajeran y heredaran esos valores, como la forma en que se organizan, para hacer crecer a Michoac\u00e1n, reflexion\u00f3 el gobernador Salvador Jara Guerrero, al inaugurar el Sexto Foro Binacional del Migrante Michoacano 2015.<\/p>\n<p>En el Centro Cultural Universitario, durante la inauguraci\u00f3n de este encuentro que lleva como lema \u201clos michoacanos en el extranjero como actores transnacionales\u201d, el jefe del Ejecutivo estatal destac\u00f3 que nuestros connacionales han aprendido formas de lucha exitosas dentro del estado de derecho, muchos de ellos tienen representaciones pol\u00edticas, y m\u00e1s que conocer c\u00f3mo puede apoy\u00e1rseles en estos foros de expresi\u00f3n, \u201cnos pueden apoyar en la pacificaci\u00f3n del estado, han aprendido valores y mucha formaci\u00f3n\u201d, mismas que dijo, sirven de ejemplo para el resto de los habitantes de esta entidad.<\/p>\n<p>En el mismo sentido, mencion\u00f3 que si bien el migrante es observado bajo dos aristas: como v\u00edctima de un sistema y como una persona valiente, se debe resaltar que la gran mayor\u00eda de los michoacanos que radican en el extranjero, han consolidado \u00e9xitos y construido toda una vida partiendo de casi nada, historias que \u00e9l mismo ha podido constatar en sus reuniones con este sector de la poblaci\u00f3n.<\/p>\n<p>Yolanda Zoraida \u00c1vila Toledo, representante de los connacionales, dimension\u00f3 la importancia de los migrantes michoacanos, quienes constituyen el grupo mayoritario de mexicanos en los Estados Unidos, pues son entre 2.3 y 3 millones de originarios de este estado los que radican en la uni\u00f3n americana y quienes env\u00edan alrededor de 2 mil 300 millones de d\u00f3lares anuales en remesas, lo que equivale a casi el 60 por ciento del presupuesto del gobierno estatal.<\/p>\n<p>Se\u00f1al\u00f3 que en los \u00faltimos a\u00f1os Michoac\u00e1n ha presentado situaciones complicadas, de ah\u00ed la decisi\u00f3n de los migrantes de establecer el di\u00e1logo y la construcci\u00f3n de alianzas para de manera conjunta hacer frente a las problem\u00e1ticas de los migrantes y sus familias en las comunidades de origen.<\/p>\n<p>Los retos, dijo, deben enfrentarse con la participaci\u00f3n decidida de la comunidad organizada y una mayor responsabilidad de los gobiernos, para establecer una agenda amplia incluyente y visionaria, de tal manera que Michoac\u00e1n se reconozca como un estado migrante con pol\u00edticas p\u00fablicas efectivas.<\/p>\n<p>El rector de la Universidad Michoacana de San Nicol\u00e1s de Hidalgo, en su calidad de anfitri\u00f3n de este evento, inform\u00f3 que a dos a\u00f1os de que se festeje el primer centenario de la UMSNH, esta casa de estudios tambi\u00e9n desea colaborar con los migrantes, por lo que aprovechando la estructura de conexi\u00f3n a internet de alta velocidad en diferentes puntos del territorio estatal, en conjunto con la Universidad Virtual del estado, establecer\u00e1 el primer programa de educaci\u00f3n abierto a todos los michoacanos, incluidos los migrantes que as\u00ed lo deseen.<\/p>\n<p>Cabe mencionar que durante este Foro se establecieron diversas mesas de trabajo con temas como Desarrollo Integral, la Universalidad de los derechos pol\u00edticos para la inclusi\u00f3n de los michoacanos en el extranjero, as\u00ed como Sociedad civil organizada y ciudadan\u00eda ante los retos emergentes. En ellas, se analizaron y generaron propuestas sobre las diversas tem\u00e1ticas, cuyos resultados ser\u00e1n tambi\u00e9n analizados por un grupo de expertos de la UMSNH para la redacci\u00f3n de los resultados.<\/p>\n<p>Tambi\u00e9n presidieron este evento el presidente municipal de Morelia, Salvador Abud Mirabent; el director general adjunto de protecci\u00f3n a mexicanos en el extranjero y representante de la Direcci\u00f3n General de Coordinaci\u00f3n Pol\u00edtica de la Secretar\u00eda de Relaciones Exteriores, Euclides del Moral Arbona; el secretario del Migrante en la entidad, Luis Carlos Ch\u00e1vez Santacruz, as\u00ed como l\u00edderes de grupos migrantes, entre otros.<\/p>\n","protected":false},"excerpt":{"rendered":"<p>Nos sentimos orgullosos de nuestros migrantes, quienes han tomado lo mejor de los dos pa\u00edses \u2013el de su origen y en el que residen- para formar nuevos valores; quisiera que nos trajeran y heredaran esos valores, como la forma en que se organizan, para hacer crecer a Michoac\u00e1n, <\/p>\n","protected":false},"author":1,"featured_media":14700,"comment_status":"open","ping_status":"open","sticky":false,"template":"","format":"standard","meta":{"footnotes":""},"categories":[14,3],"tags":[],"class_list":["post-14699","post","type-post","status-publish","format-standard","has-post-thumbnail","hentry","category-destacadas","category-gobierno-del-estado-de-michoacan"],"_links":{"self":[{"href":"https:\/\/radiowebmx.com\/nota\/wp-json\/wp\/v2\/posts\/14699","targetHints":{"allow":["GET"]}}],"collection":[{"href":"https:\/\/radiowebmx.com\/nota\/wp-json\/wp\/v2\/posts"}],"about":[{"href":"https:\/\/radiowebmx.com\/nota\/wp-json\/wp\/v2\/types\/post"}],"author":[{"embeddable":true,"href":"https:\/\/radiowebmx.com\/nota\/wp-json\/wp\/v2\/users\/1"}],"replies":[{"embeddable":true,"href":"https:\/\/radiowebmx.com\/nota\/wp-json\/wp\/v2\/comments?post=14699"}],"version-history":[{"count":1,"href":"https:\/\/radiowebmx.com\/nota\/wp-json\/wp\/v2\/posts\/14699\/revisions"}],"predecessor-version":[{"id":14701,"href":"https:\/\/radiowebmx.com\/nota\/wp-json\/wp\/v2\/posts\/14699\/revisions\/14701"}],"wp:featuredmedia":[{"embeddable":true,"href":"https:\/\/radiowebmx.com\/nota\/wp-json\/wp\/v2\/media\/14700"}],"wp:attachment":[{"href":"https:\/\/radiowebmx.com\/nota\/wp-json\/wp\/v2\/media?parent=14699"}],"wp:term":[{"taxonomy":"category","embeddable":true,"href":"https:\/\/radiowebmx.com\/nota\/wp-json\/wp\/v2\/categories?post=14699"},{"taxonomy":"post_tag","embeddable":true,"href":"https:\/\/radiowebmx.com\/nota\/wp-json\/wp\/v2\/tags?post=14699"}],"curies":[{"name":"wp","href":"https:\/\/api.w.org\/{rel}","templated":true}]}}