{"id":14690,"date":"2015-04-17T13:20:00","date_gmt":"2015-04-17T18:20:00","guid":{"rendered":"https:\/\/radiowebmx.com\/nota\/?p=14690"},"modified":"2015-04-17T13:20:00","modified_gmt":"2015-04-17T18:20:00","slug":"la-equidad-de-genero-se-construye-desde-el-hogar-miriam-cruz-de-abud","status":"publish","type":"post","link":"https:\/\/radiowebmx.com\/nota\/la-equidad-de-genero-se-construye-desde-el-hogar-miriam-cruz-de-abud\/","title":{"rendered":"La equidad de g\u00e9nero se construye  desde el hogar: Miriam Cruz de Abud"},"content":{"rendered":"<p>La mujer es reconocida por sus aportaciones sobresalientes a nivel nacional; sin embargo, el trabajo por lograr una equidad de g\u00e9nero debe continuarse empezando en nuestra propia casa en la forma de educar a nuestros hijos inculc\u00e1ndoles desde peque\u00f1os que, tanto hombres como mujeres, podemos desempe\u00f1ar nuestros potenciales en la misma forma, refiri\u00f3 Miriam Cruz de Abud, Presidenta del DIF Morelia, durante la inauguraci\u00f3n del Primer Encuentro de Mujeres por la Equidad de G\u00e9nero en Morelia.<\/p>\n<p>Con la finalidad de buscar la igualdad plena y la inclusi\u00f3n de la mujer a escenarios de toma de decisiones, iniciaron las conferencias y actividades en el Instituto de la Juventud Moreliana, como parte del programa de dicho encuentro que enmarca la lucha a nivel nacional por la equidad de g\u00e9nero.<\/p>\n<p>Durante su mensaje, la Presidenta del DIF municipal destac\u00f3 que M\u00e9xico se encuentra en una batalla constante para el dise\u00f1o y la aplicaci\u00f3n de pol\u00edticas p\u00fablicas que sirvan para fortalecer la presencia y proyecci\u00f3n de la mujer desde la perspectiva de mujeres profesionales, que con su experiencia y \u00e1nimo puedan aportar su conocimiento en favor de las morelianas.<\/p>\n<p>Cruz de Abud asegur\u00f3 que Morelia y Michoac\u00e1n viven una coyuntura en tiempos de transformaci\u00f3n e invit\u00f3 a las mujeres reunidas durante el foro a trabajar en positivo, exaltando la feminidad y sensibilidad para cambiar el rumbo del pa\u00eds, fortaleciendo las individualidades, el liderazgo y empoderamiento, pero sobre todo, desde el trabajo y convivencia comunitaria, as\u00ed como en la pr\u00e1ctica de valores en la ruta a la consolidaci\u00f3n de una sociedad respetuosa de la dignidad de la mujer, depositaria de sus derechos e incluyente de su participaci\u00f3n.<\/p>\n<p>\u201cEmpecemos nosotras mismas a reconocer el talento y las capacidades de las dem\u00e1s mujeres, seamos las motivadoras e impulsoras principales de nosotras mismas, olvidemos las envidias y el ego\u00edsmo, no critiquemos ni descalifiquemos a nuestro propio sexo y seamos coherentes primero en nuestro propio g\u00e9nero, y que de esta lucha que ya se ha emprendido en favor de la igualdad, surjan las posibilidades de poder abrir nuevos caminos y nuevas oportunidades para las generaciones futuras\u201d, invit\u00f3 Miriam Cruz de Abud.<\/p>\n<p>Asistieron a la apertura de dicho encuentro, Claudia V\u00e1zquez Vel\u00e1zquez, coordinadora general del foro; Mar\u00eda de Jes\u00fas Garc\u00eda Ram\u00edrez, coordinadora de la Secretar\u00eda Ejecutiva del Nuevo Sistema de Justicia Penal as\u00ed como Marisol Aguilar, secretaria de la mujer en el estado.<\/p>\n","protected":false},"excerpt":{"rendered":"<p>La mujer es reconocida por sus aportaciones sobresalientes a nivel nacional; sin embargo, el trabajo por lograr una equidad de g\u00e9nero debe continuarse empezando en nuestra propia casa en la forma de educar a nuestros hijos inculc\u00e1ndoles desde peque\u00f1os que, tanto hombres como mujeres,<\/p>\n","protected":false},"author":1,"featured_media":14691,"comment_status":"open","ping_status":"open","sticky":false,"template":"","format":"standard","meta":{"footnotes":""},"categories":[14,9],"tags":[],"class_list":["post-14690","post","type-post","status-publish","format-standard","has-post-thumbnail","hentry","category-destacadas","category-morelia"],"_links":{"self":[{"href":"https:\/\/radiowebmx.com\/nota\/wp-json\/wp\/v2\/posts\/14690","targetHints":{"allow":["GET"]}}],"collection":[{"href":"https:\/\/radiowebmx.com\/nota\/wp-json\/wp\/v2\/posts"}],"about":[{"href":"https:\/\/radiowebmx.com\/nota\/wp-json\/wp\/v2\/types\/post"}],"author":[{"embeddable":true,"href":"https:\/\/radiowebmx.com\/nota\/wp-json\/wp\/v2\/users\/1"}],"replies":[{"embeddable":true,"href":"https:\/\/radiowebmx.com\/nota\/wp-json\/wp\/v2\/comments?post=14690"}],"version-history":[{"count":1,"href":"https:\/\/radiowebmx.com\/nota\/wp-json\/wp\/v2\/posts\/14690\/revisions"}],"predecessor-version":[{"id":14692,"href":"https:\/\/radiowebmx.com\/nota\/wp-json\/wp\/v2\/posts\/14690\/revisions\/14692"}],"wp:featuredmedia":[{"embeddable":true,"href":"https:\/\/radiowebmx.com\/nota\/wp-json\/wp\/v2\/media\/14691"}],"wp:attachment":[{"href":"https:\/\/radiowebmx.com\/nota\/wp-json\/wp\/v2\/media?parent=14690"}],"wp:term":[{"taxonomy":"category","embeddable":true,"href":"https:\/\/radiowebmx.com\/nota\/wp-json\/wp\/v2\/categories?post=14690"},{"taxonomy":"post_tag","embeddable":true,"href":"https:\/\/radiowebmx.com\/nota\/wp-json\/wp\/v2\/tags?post=14690"}],"curies":[{"name":"wp","href":"https:\/\/api.w.org\/{rel}","templated":true}]}}