{"id":14687,"date":"2015-04-17T13:17:00","date_gmt":"2015-04-17T18:17:00","guid":{"rendered":"https:\/\/radiowebmx.com\/nota\/?p=14687"},"modified":"2015-04-17T13:17:00","modified_gmt":"2015-04-17T18:17:00","slug":"inauguran-exposicion-fotografica-historia-del-migrante%e2%80%8f","status":"publish","type":"post","link":"https:\/\/radiowebmx.com\/nota\/inauguran-exposicion-fotografica-historia-del-migrante%e2%80%8f\/","title":{"rendered":"Inauguran exposici\u00f3n fotogr\u00e1fica &#8220;Historia del Migrante&#8221;\u200f"},"content":{"rendered":"<p>En el marco del VI Foro Binacional del Migrante que se celebra en la capital michoacana, emigrados michoacanos, la regidora Carmen Cort\u00e9s Cort\u00e9s y el director de Enlace Ciudadano del Ayuntamiento de Morelia, Zeus Rodr\u00edguez Miranda, inauguraron esta tarde la exposici\u00f3n fotogr\u00e1fica \u201cHistoria del Migrante\u201d de Luis Mora Tovar, quien resalt\u00f3 que el objetivo de la muestra es un homenaje a los paisanos radicados en los Estados Unidos.<\/p>\n","protected":false},"excerpt":{"rendered":"<p> En el marco del VI Foro Binacional del Migrante que se celebra en la capital michoacana, emigrados michoacanos, la regidora Carmen Cort\u00e9s Cort\u00e9s y el director de Enlace Ciudadano del Ayuntamiento de Morelia, Zeus Rodr\u00edguez Miranda, inauguraron esta tarde la exposici\u00f3n fotogr\u00e1fica \u201cHistoria del Migrante\u201d de Luis Mora Tovar,<\/p>\n","protected":false},"author":1,"featured_media":14688,"comment_status":"open","ping_status":"open","sticky":false,"template":"","format":"standard","meta":{"footnotes":""},"categories":[14,9],"tags":[],"class_list":["post-14687","post","type-post","status-publish","format-standard","has-post-thumbnail","hentry","category-destacadas","category-morelia"],"_links":{"self":[{"href":"https:\/\/radiowebmx.com\/nota\/wp-json\/wp\/v2\/posts\/14687","targetHints":{"allow":["GET"]}}],"collection":[{"href":"https:\/\/radiowebmx.com\/nota\/wp-json\/wp\/v2\/posts"}],"about":[{"href":"https:\/\/radiowebmx.com\/nota\/wp-json\/wp\/v2\/types\/post"}],"author":[{"embeddable":true,"href":"https:\/\/radiowebmx.com\/nota\/wp-json\/wp\/v2\/users\/1"}],"replies":[{"embeddable":true,"href":"https:\/\/radiowebmx.com\/nota\/wp-json\/wp\/v2\/comments?post=14687"}],"version-history":[{"count":1,"href":"https:\/\/radiowebmx.com\/nota\/wp-json\/wp\/v2\/posts\/14687\/revisions"}],"predecessor-version":[{"id":14689,"href":"https:\/\/radiowebmx.com\/nota\/wp-json\/wp\/v2\/posts\/14687\/revisions\/14689"}],"wp:featuredmedia":[{"embeddable":true,"href":"https:\/\/radiowebmx.com\/nota\/wp-json\/wp\/v2\/media\/14688"}],"wp:attachment":[{"href":"https:\/\/radiowebmx.com\/nota\/wp-json\/wp\/v2\/media?parent=14687"}],"wp:term":[{"taxonomy":"category","embeddable":true,"href":"https:\/\/radiowebmx.com\/nota\/wp-json\/wp\/v2\/categories?post=14687"},{"taxonomy":"post_tag","embeddable":true,"href":"https:\/\/radiowebmx.com\/nota\/wp-json\/wp\/v2\/tags?post=14687"}],"curies":[{"name":"wp","href":"https:\/\/api.w.org\/{rel}","templated":true}]}}