{"id":14681,"date":"2015-04-17T12:06:43","date_gmt":"2015-04-17T17:06:43","guid":{"rendered":"https:\/\/radiowebmx.com\/nota\/?p=14681"},"modified":"2015-04-17T12:06:43","modified_gmt":"2015-04-17T17:06:43","slug":"las-empresas-locales-son-las-que-surtiran-al-gobierno-estatal-chon-orihuela","status":"publish","type":"post","link":"https:\/\/radiowebmx.com\/nota\/las-empresas-locales-son-las-que-surtiran-al-gobierno-estatal-chon-orihuela\/","title":{"rendered":"LAS EMPRESAS LOCALES SON LAS QUE SURTIR\u00c1N AL GOBIERNO  ESTATAL: CHON ORIHUELA"},"content":{"rendered":"<p>Jos\u00e9 Ascenci\u00f3n Orihuela B\u00e1rcenas, candidato del PRI al gobierno del estado manifest\u00f3 su convencimiento en que sean las empresas locales las encargadas de surtir de diversos insumos al gobierno del estado, as\u00ed que ofreci\u00f3 que desde el primer d\u00eda de su gobierno se apoyar\u00e1n a las micro, peque\u00f1as y medianas empresas para que puedan crecer y ello se vuelva realidad.<\/p>\n<p>&nbsp;<\/p>\n<p>Ofreci\u00f3 alternativas reales para el desarrollo de la Ci\u00e9nega, as\u00ed que quien ser\u00e1 el pr\u00f3ximo gobernador de Michoac\u00e1n indic\u00f3 que habr\u00e1 de trabajar en diferentes rubros como educaci\u00f3n, salud, ganader\u00eda, campo y en especial la consolidaci\u00f3n de la agroindustria como premisa fundamental para todos los trabajadores agr\u00edcolas y as\u00ed se incremente la calidad de vida de todos los michoacanos.<\/p>\n<p>&nbsp;<\/p>\n<p>En su visita por Jacona, Jiquilpan y Sahuayo, acompa\u00f1ado por el candidato a diputado federal por el distrito 04, Alfredo Anaya, el tambi\u00e9n abanderado del Partido Verde, enfatiz\u00f3 el compromiso que se tiene con esta regi\u00f3n para que se retomen actividades que significaban el sustento de muchas familias y que se han ido perdiendo, como la elaboraci\u00f3n artesanal de sombreros y huaraches en Sahuayo.<\/p>\n<p>&nbsp;<\/p>\n<p>De manera particular, en el caso de Jiquilpan, Chon Orihuela destac\u00f3 que al ser uno de los ocho pueblos m\u00e1gicos de Michoac\u00e1n y entre sus principales atracciones tur\u00edsticas son la Parroquia de San Francisco, el Templo del Sagrado Coraz\u00f3n y la Capilla de Santa Anita, impulsar\u00e1 un corredor tur\u00edstico religioso que abarque Zamora, Jacona, Tangamandapio, Totol\u00e1n, Jiquilpan y Sahuayo.<\/p>\n<p>&nbsp;<\/p>\n<p>El candidato del PRI agreg\u00f3 que se dise\u00f1ar\u00e1n estrategias de vinculaci\u00f3n entre instituciones educativas y centros de investigaci\u00f3n, con el sector productivo de bienes y servicios; se apoyar\u00e1n a las peque\u00f1as y medianas empresas d\u00e1ndoles facilidades administrativas para la apertura y financiamiento de nuevos negocios.<\/p>\n<p>&nbsp;<\/p>\n<p>Chon Orihuela indic\u00f3 adem\u00e1s que se promover\u00e1 la inversi\u00f3n en todos los \u00e1mbitos de la vida econ\u00f3mica de Jiquilpan y de toda la regi\u00f3n de la Ci\u00e9nega, con especial \u00e9nfasis en el desarrollo agroindustrial; se crear\u00e1n nuevas rutas para la comercializaci\u00f3n de los productos, impulsando el desarrollo regional.<\/p>\n<p>&nbsp;<\/p>\n<p>Para el desarrollo del campo, detall\u00f3 el tambi\u00e9n abanderado del Partido Verde, se gestionar\u00e1n recursos con la federaci\u00f3n para la tecnificaci\u00f3n de la superficie agr\u00edcola y la modernizaci\u00f3n de la infraestructura de riego, al tiempo que habr\u00e1 coordinaci\u00f3n a fin de fortalecer los subsidios para que puedan comprar fertilizantes qu\u00edmicos y semillas de ma\u00edz mejorado.<\/p>\n<p>&nbsp;<\/p>\n<p>Sin duda, agreg\u00f3, se fortalecer\u00e1n los programas de asistencia t\u00e9cnica y apoyo para la infraestructura ganadera; se garantizar\u00e1 el buen funcionamiento de las cl\u00ednicas y hospitales existentes, as\u00ed como el abasto de medicamentos; se gestionar\u00e1n los recursos para que el antiguo hospital L\u00e1zaro C\u00e1rdenas cuente con los recursos humanos necesarios para operar eficientemente.<\/p>\n<p>&nbsp;<\/p>\n<p>Tanto en Jiquilpan, como en Sahuayo y Jacona, Chon Orihuela habl\u00f3 de la importancia de poner orden en la educaci\u00f3n, para que sea de calidad; que haya cobertura total, planteles adecuados y profesores dedicados a su labor.<\/p>\n<p>&nbsp;<\/p>\n<p>En Sahuayo, dijo, se apoyar\u00e1n a las Pymes ya existentes con cr\u00e9ditos y capacitaci\u00f3n para su fortalecimiento, as\u00ed como facilidades administrativas para la apertura y financiamiento de nuevos negocios; se respaldar\u00e1 a la industria local; se rescatar\u00e1 la actividad de la elaboraci\u00f3n artesanal del sombrero y el huarache, que hab\u00eda sido una de las actividades tradicionales y que est\u00e1 en peligro de perderse.<\/p>\n<p>&nbsp;<\/p>\n<p>En el campo, se ofrecer\u00e1n apoyos directos a los productores para fortalecerlo en cada regi\u00f3n, adem\u00e1s de generar el valor agregado que requiere la producci\u00f3n agropecuaria local, la creaci\u00f3n de nuevas rutas para la comercializaci\u00f3n de los productos. En Sahuayo tambi\u00e9n se impulsar\u00e1 la apertura de m\u00e1s cl\u00ednicas y hospitales para que as\u00ed todos tengan acceso a los servicios oportunos y de calidad.<\/p>\n<p>&nbsp;<\/p>\n<p>En sus reuniones en Jacona, Chon Orihuela sostuvo que trabajar\u00e1 por consolidar a este municipio como uno de los principales productores agr\u00edcolas y ganaderos del estado; se generar\u00e1 el valor agregado requerido para la producci\u00f3n agropecuaria y as\u00ed se generen m\u00e1s fuentes de empleo. Se promover\u00e1 la inversi\u00f3n apoyando la transformaci\u00f3n de la fresa, las hortalizas y las frutas en aceites, pulpas y otros derivados.<\/p>\n<p>&nbsp;<\/p>\n<p>Tambi\u00e9n, finaliz\u00f3, se crear\u00e1n nuevas rutas para la comercializaci\u00f3n de los productos; se fortalecer\u00e1n los subsidios para la compra de fertilizantes qu\u00edmicos y semillas de ma\u00edz mejorado; se generar\u00e1 un programa para que los empresarios locales sean los principales proveedores del gobierno.<\/p>\n","protected":false},"excerpt":{"rendered":"<p>Jos\u00e9 Ascenci\u00f3n Orihuela B\u00e1rcenas, candidato del PRI al gobierno del estado manifest\u00f3 su convencimiento en que sean las empresas locales las encargadas de surtir de diversos insumos al gobierno del estado, as\u00ed que ofreci\u00f3 que desde el primer d\u00eda de su gobierno se apoyar\u00e1n a las micro,<\/p>\n","protected":false},"author":1,"featured_media":14682,"comment_status":"open","ping_status":"open","sticky":false,"template":"","format":"standard","meta":{"footnotes":""},"categories":[14,11,12],"tags":[],"class_list":["post-14681","post","type-post","status-publish","format-standard","has-post-thumbnail","hentry","category-destacadas","category-partidos-politicos","category-pri"],"_links":{"self":[{"href":"https:\/\/radiowebmx.com\/nota\/wp-json\/wp\/v2\/posts\/14681","targetHints":{"allow":["GET"]}}],"collection":[{"href":"https:\/\/radiowebmx.com\/nota\/wp-json\/wp\/v2\/posts"}],"about":[{"href":"https:\/\/radiowebmx.com\/nota\/wp-json\/wp\/v2\/types\/post"}],"author":[{"embeddable":true,"href":"https:\/\/radiowebmx.com\/nota\/wp-json\/wp\/v2\/users\/1"}],"replies":[{"embeddable":true,"href":"https:\/\/radiowebmx.com\/nota\/wp-json\/wp\/v2\/comments?post=14681"}],"version-history":[{"count":1,"href":"https:\/\/radiowebmx.com\/nota\/wp-json\/wp\/v2\/posts\/14681\/revisions"}],"predecessor-version":[{"id":14683,"href":"https:\/\/radiowebmx.com\/nota\/wp-json\/wp\/v2\/posts\/14681\/revisions\/14683"}],"wp:featuredmedia":[{"embeddable":true,"href":"https:\/\/radiowebmx.com\/nota\/wp-json\/wp\/v2\/media\/14682"}],"wp:attachment":[{"href":"https:\/\/radiowebmx.com\/nota\/wp-json\/wp\/v2\/media?parent=14681"}],"wp:term":[{"taxonomy":"category","embeddable":true,"href":"https:\/\/radiowebmx.com\/nota\/wp-json\/wp\/v2\/categories?post=14681"},{"taxonomy":"post_tag","embeddable":true,"href":"https:\/\/radiowebmx.com\/nota\/wp-json\/wp\/v2\/tags?post=14681"}],"curies":[{"name":"wp","href":"https:\/\/api.w.org\/{rel}","templated":true}]}}