{"id":14667,"date":"2015-04-17T11:33:43","date_gmt":"2015-04-17T16:33:43","guid":{"rendered":"https:\/\/radiowebmx.com\/nota\/?p=14667"},"modified":"2015-04-17T11:33:43","modified_gmt":"2015-04-17T16:33:43","slug":"pan-denuncia-amenazas-a-candidatos-exige-atencion-de-las-autoridades","status":"publish","type":"post","link":"https:\/\/radiowebmx.com\/nota\/pan-denuncia-amenazas-a-candidatos-exige-atencion-de-las-autoridades\/","title":{"rendered":"PAN denuncia amenazas a candidatos; exige atenci\u00f3n de las autoridades"},"content":{"rendered":"<p>Tras aseverar que ante el incremento de amenazas y actos de intimidaci\u00f3n de grupos criminales en contra de los candidatos del Partido Acci\u00f3n Nacional (PAN), la dirigencia estatal acompa\u00f1ar\u00e1 y extremar\u00e1 las medidas de seguridad para los abanderados albiazules y sus familias, el presidente de esta fuerza pol\u00edtica, Miguel \u00c1ngel Ch\u00e1vez Zavala, exigi\u00f3 a la autoridad competente que se generen las condiciones de tranquilidad para el desarrollo de las elecciones en todas las regiones de Michoac\u00e1n y no exclusivamente en la Tierra Caliente.<\/p>\n<p>&nbsp;<\/p>\n<p>\u201cEs inaceptable que de nueva cuenta la delincuencia organizada pretenda incidir activamente en el proceso electoral para colocar autoridades municipales a modo y en complicidad para conservar el control y el desarrollo de sus actividades il\u00edcitas\u201d, conden\u00f3 el l\u00edder panista.<\/p>\n<p>&nbsp;<\/p>\n<p>Y es que, el representante de Acci\u00f3n Nacional en Michoac\u00e1n denunci\u00f3 que en el municipio de Pur\u00e9pero los candidatos a regidor y s\u00edndico municipal que integran la planilla blanquiazul fueron intimidados y amenazados para que renunciaran a sus aspiraciones.<\/p>\n<p>&nbsp;<\/p>\n<p>\u201cEn las \u00faltimas 12 horas en Pur\u00e9pero el crimen organizado realiz\u00f3 un operativo con personas fuertemente armadas en donde directamente amenazaron a nuestros candidatos y\u00a0 a sus familias para\u00a0 hacerlos desistir de su participaci\u00f3n en el proceso electoral con la planilla del PAN; nos preocupa que este caso y el registrado en Irimbo la semana anterior se trate de grupos armados bajo un mismo esquema de operaci\u00f3n para agredir e intimidar a los candidatos y al equipo de apoyo del albiazul\u201d, puntualiz\u00f3 Ch\u00e1vez Zavala.<\/p>\n<p>&nbsp;<\/p>\n<p>Frente a estos hechos, el jefe del panismo estatal inform\u00f3 que se presentar\u00e1 la denuncia correspondiente ante la Procuradur\u00eda General de Justicia del Estado (PGJE),\u00a0 sin embargo,\u00a0 Acci\u00f3n Nacional continuar\u00e1 de manera firme en su exigencia a la autoridad para que garantice la seguridad en la regi\u00f3n del Baj\u00edo michoacano y brinde certidumbre y tranquilidad a los candidatos.<\/p>\n<p>&nbsp;<\/p>\n<p>Finalmente, el PAN en Michoac\u00e1n evidenci\u00f3 que la ausencia de los cuerpos de seguridad p\u00fablica en la regi\u00f3n de Churintzio, Pur\u00e9pero, Tlazazalca y Numar\u00e1n ha convertido a la zona en peligrosa para el desarrollo del proceso electoral aunado a que est\u00e1 en riesgo tambi\u00e9n el libre tr\u00e1nsito de los habitantes de estas demarcaciones.<\/p>\n","protected":false},"excerpt":{"rendered":"<p>Tras aseverar que ante el incremento de amenazas y actos de intimidaci\u00f3n de grupos criminales en contra de los candidatos del Partido Acci\u00f3n Nacional (PAN), la dirigencia estatal acompa\u00f1ar\u00e1 y extremar\u00e1 las medidas de seguridad para los abanderados albiazules y sus familias,<\/p>\n","protected":false},"author":1,"featured_media":14668,"comment_status":"open","ping_status":"open","sticky":false,"template":"","format":"standard","meta":{"footnotes":""},"categories":[14,13,11],"tags":[],"class_list":["post-14667","post","type-post","status-publish","format-standard","has-post-thumbnail","hentry","category-destacadas","category-pan","category-partidos-politicos"],"_links":{"self":[{"href":"https:\/\/radiowebmx.com\/nota\/wp-json\/wp\/v2\/posts\/14667","targetHints":{"allow":["GET"]}}],"collection":[{"href":"https:\/\/radiowebmx.com\/nota\/wp-json\/wp\/v2\/posts"}],"about":[{"href":"https:\/\/radiowebmx.com\/nota\/wp-json\/wp\/v2\/types\/post"}],"author":[{"embeddable":true,"href":"https:\/\/radiowebmx.com\/nota\/wp-json\/wp\/v2\/users\/1"}],"replies":[{"embeddable":true,"href":"https:\/\/radiowebmx.com\/nota\/wp-json\/wp\/v2\/comments?post=14667"}],"version-history":[{"count":1,"href":"https:\/\/radiowebmx.com\/nota\/wp-json\/wp\/v2\/posts\/14667\/revisions"}],"predecessor-version":[{"id":14669,"href":"https:\/\/radiowebmx.com\/nota\/wp-json\/wp\/v2\/posts\/14667\/revisions\/14669"}],"wp:featuredmedia":[{"embeddable":true,"href":"https:\/\/radiowebmx.com\/nota\/wp-json\/wp\/v2\/media\/14668"}],"wp:attachment":[{"href":"https:\/\/radiowebmx.com\/nota\/wp-json\/wp\/v2\/media?parent=14667"}],"wp:term":[{"taxonomy":"category","embeddable":true,"href":"https:\/\/radiowebmx.com\/nota\/wp-json\/wp\/v2\/categories?post=14667"},{"taxonomy":"post_tag","embeddable":true,"href":"https:\/\/radiowebmx.com\/nota\/wp-json\/wp\/v2\/tags?post=14667"}],"curies":[{"name":"wp","href":"https:\/\/api.w.org\/{rel}","templated":true}]}}