{"id":14661,"date":"2015-04-17T11:28:40","date_gmt":"2015-04-17T16:28:40","guid":{"rendered":"https:\/\/radiowebmx.com\/nota\/?p=14661"},"modified":"2015-04-17T11:28:40","modified_gmt":"2015-04-17T16:28:40","slug":"cocoa-calderon-preparada-para-una-coordinacion-eficaz-con-el-gobierno-federal-pan","status":"publish","type":"post","link":"https:\/\/radiowebmx.com\/nota\/cocoa-calderon-preparada-para-una-coordinacion-eficaz-con-el-gobierno-federal-pan\/","title":{"rendered":"\u201cCocoa\u201d Calder\u00f3n, preparada para una coordinaci\u00f3n eficaz con el gobierno federal: PAN"},"content":{"rendered":"<p>\u201cLa Federaci\u00f3n necesita de Michoac\u00e1n y Michoac\u00e1n necesita de la Federaci\u00f3n para resolver los grandes problemas de nuestro estado, por ello nuestra candidata a la gubernatura, Luisa Mar\u00eda Calder\u00f3n Hinojosa, buscar\u00e1 los mecanismos de colaboraci\u00f3n para coordinar programas y acciones con el Gobierno Federal, que permitan un gran despunte al desarrollo en la entidad\u201d, se\u00f1al\u00f3 el presidente del Partido Acci\u00f3n Nacional (PAN), Miguel \u00c1ngel Ch\u00e1vez Zavala.<\/p>\n<p>&nbsp;<\/p>\n<p>Indic\u00f3 que toda vez que la prioridad de la propuesta de gobierno emanada del PAN radica en sacar a Michoac\u00e1n del estancamiento que presenta en diversos rubros, se desplegar\u00e1 un gran esfuerzo por fortalecer los convenios de colaboraci\u00f3n con la Secretar\u00edas a nivel federal de Hacienda, Econom\u00eda, Turismo, Desarrollo Social as\u00ed como de Comunicaciones y Transportes.<\/p>\n<p>&nbsp;<\/p>\n<p>Y es que, advirti\u00f3, \u201c\u2019Cocoa\u2019 Calder\u00f3n y el PAN no caer\u00e1n ni en el populismo ni en el paternalismo que tanto da\u00f1o nos ha hecho en Michoac\u00e1n; se equivocan los candidatos que est\u00e1n ofreciendo \u2018los bueyes y la carreta\u2019 con tal de conseguir clientelas y votos en el proceso electoral\u201d.<\/p>\n<p>&nbsp;<\/p>\n<p>Por ello, y refrendando la seria y real oferta pol\u00edtica de Acci\u00f3n Nacional, puntualiz\u00f3 que la experiencia legislativa de la abanderada albiazul a la gubernatura garantiza su efectividad para gestionar apoyos ante el Poder Ejecutivo Federal y lograr etiquetar mayores recursos en el Presupuesto de Egresos de la Federaci\u00f3n (PEF).<\/p>\n<p>&nbsp;<\/p>\n<p>Asimismo, siendo el tema de seguridad uno de los m\u00e1s preocupantes, Ch\u00e1vez Zavala explic\u00f3 que con un gobierno panista en nuestro estado se recuperar\u00e1 la rector\u00eda en la materia y se mantendr\u00e1 el apoyo federal en la estrategia de seguridad en el marco de la ley y de la soberan\u00eda del Estado, hasta que se logre la completa depuraci\u00f3n y renovaci\u00f3n de los cuerpos de seguridad p\u00fablica y profesionalizaci\u00f3n de la Procuradur\u00eda de Justicia en Michoac\u00e1n.<\/p>\n<p>&nbsp;<\/p>\n<p>Adem\u00e1s, detall\u00f3, un Gobierno de Verdad como el que ofrece \u2018Cocoa\u2019 Calder\u00f3n trabajar\u00e1 tambi\u00e9n de manera paralela con el Gobierno Federal y con los gobiernos estatales colindantes a Michoac\u00e1n para blindar la seguridad y promover el desarrollo regional de los municipios lim\u00edtrofes.<\/p>\n<p>&nbsp;<\/p>\n<p>Por \u00faltimo, el l\u00edder panista expres\u00f3 que \u201cel cambio en grande que necesita Michoac\u00e1n s\u00f3lo ser\u00e1 posible con la participaci\u00f3n de todos los ciudadanos, organizaciones de la sociedad civil y organismos empresariales; en donde Acci\u00f3n Nacional tienen la convicci\u00f3n de no permitir pactos de impunidad ni el \u2018borr\u00f3n y cuenta nueva\u2019 que ofrecen nuestros adversarios pol\u00edticos\u201d.<\/p>\n<p>&nbsp;<\/p>\n","protected":false},"excerpt":{"rendered":"<p>\u201cLa Federaci\u00f3n necesita de Michoac\u00e1n y Michoac\u00e1n necesita de la Federaci\u00f3n para resolver los grandes problemas de nuestro estado, por ello nuestra candidata a la gubernatura, LMCH, buscar\u00e1 los mecanismos de colaboraci\u00f3n para coordinar programas y acciones con el Gobierno Federal, que permitan un gran despunte al desarrollo en la entidad\u201d<\/p>\n","protected":false},"author":1,"featured_media":14662,"comment_status":"open","ping_status":"open","sticky":false,"template":"","format":"standard","meta":{"footnotes":""},"categories":[14,13,11],"tags":[],"class_list":["post-14661","post","type-post","status-publish","format-standard","has-post-thumbnail","hentry","category-destacadas","category-pan","category-partidos-politicos"],"_links":{"self":[{"href":"https:\/\/radiowebmx.com\/nota\/wp-json\/wp\/v2\/posts\/14661","targetHints":{"allow":["GET"]}}],"collection":[{"href":"https:\/\/radiowebmx.com\/nota\/wp-json\/wp\/v2\/posts"}],"about":[{"href":"https:\/\/radiowebmx.com\/nota\/wp-json\/wp\/v2\/types\/post"}],"author":[{"embeddable":true,"href":"https:\/\/radiowebmx.com\/nota\/wp-json\/wp\/v2\/users\/1"}],"replies":[{"embeddable":true,"href":"https:\/\/radiowebmx.com\/nota\/wp-json\/wp\/v2\/comments?post=14661"}],"version-history":[{"count":1,"href":"https:\/\/radiowebmx.com\/nota\/wp-json\/wp\/v2\/posts\/14661\/revisions"}],"predecessor-version":[{"id":14663,"href":"https:\/\/radiowebmx.com\/nota\/wp-json\/wp\/v2\/posts\/14661\/revisions\/14663"}],"wp:featuredmedia":[{"embeddable":true,"href":"https:\/\/radiowebmx.com\/nota\/wp-json\/wp\/v2\/media\/14662"}],"wp:attachment":[{"href":"https:\/\/radiowebmx.com\/nota\/wp-json\/wp\/v2\/media?parent=14661"}],"wp:term":[{"taxonomy":"category","embeddable":true,"href":"https:\/\/radiowebmx.com\/nota\/wp-json\/wp\/v2\/categories?post=14661"},{"taxonomy":"post_tag","embeddable":true,"href":"https:\/\/radiowebmx.com\/nota\/wp-json\/wp\/v2\/tags?post=14661"}],"curies":[{"name":"wp","href":"https:\/\/api.w.org\/{rel}","templated":true}]}}