{"id":14657,"date":"2015-04-16T11:49:07","date_gmt":"2015-04-16T16:49:07","guid":{"rendered":"https:\/\/radiowebmx.com\/nota\/?p=14657"},"modified":"2015-04-16T11:49:07","modified_gmt":"2015-04-16T16:49:07","slug":"gobernador-designa-a-juan-zacarias-paz-como-rector-de-la-uiim","status":"publish","type":"post","link":"https:\/\/radiowebmx.com\/nota\/gobernador-designa-a-juan-zacarias-paz-como-rector-de-la-uiim\/","title":{"rendered":"GOBERNADOR DESIGNA A JUAN ZACAR\u00cdAS PAZ COMO RECTOR DE LA UIIM"},"content":{"rendered":"<p>El secretario de Educaci\u00f3n en el Estado, Armando Sep\u00falveda L\u00f3pez, dio posesi\u00f3n a Juan Zacar\u00edas Paz, como nuevo rector de la Universidad Intercultural Ind\u00edgena de Michoac\u00e1n (UIIM), en sustituci\u00f3n de Juan Ignacio C\u00e1rdenas.<\/p>\n<p>Designado por Salvador Jara Guerrero, gobernador del estado, el originario del municipio de Paracho asegur\u00f3: \u201cno venimos ni con una posici\u00f3n ideol\u00f3gica ni a asumir compromisos pol\u00edticos que nos lleven a no entender los retos que la propia universidad demanda\u201d, al tiempo de asegurar que conoce la problem\u00e1tica de la universidad, y que en los pr\u00f3ximos d\u00edas el Ejecutivo estatal acudir\u00e1 al plantel pur\u00e9pecha a refrendar su apoyo a la instituci\u00f3n.<\/p>\n<p>Dijo que se trata de una universidad intercultural, distinta a las dem\u00e1s, que debe consolidarse para responder a la expectativa de comunidades ind\u00edgenas. Agradeci\u00f3 la presencia de autoridades comunitarias de Pich\u00e1taro, y pidi\u00f3 confianza y trabajo en equipo, para que la casa de estudios se convierta en una universidad paradigm\u00e1tica que pueda ser vista por los estudiantes de la regi\u00f3n como una de sus mejores opciones.<\/p>\n<p>El rector saliente dese\u00f3 el mejor de los \u00e9xitos al reci\u00e9n nombrado y se congratul\u00f3 que se trate de un profesionista destacado del pueblo pur\u00e9pecha.<\/p>\n","protected":false},"excerpt":{"rendered":"<p>El secretario de Educaci\u00f3n en el Estado, Armando Sep\u00falveda L\u00f3pez, dio posesi\u00f3n a Juan Zacar\u00edas Paz, como nuevo rector de la Universidad Intercultural Ind\u00edgena de Michoac\u00e1n (UIIM), en sustituci\u00f3n de Juan Ignacio C\u00e1rdenas.<\/p>\n","protected":false},"author":1,"featured_media":14658,"comment_status":"open","ping_status":"open","sticky":false,"template":"","format":"standard","meta":{"footnotes":""},"categories":[14,3],"tags":[],"class_list":["post-14657","post","type-post","status-publish","format-standard","has-post-thumbnail","hentry","category-destacadas","category-gobierno-del-estado-de-michoacan"],"_links":{"self":[{"href":"https:\/\/radiowebmx.com\/nota\/wp-json\/wp\/v2\/posts\/14657","targetHints":{"allow":["GET"]}}],"collection":[{"href":"https:\/\/radiowebmx.com\/nota\/wp-json\/wp\/v2\/posts"}],"about":[{"href":"https:\/\/radiowebmx.com\/nota\/wp-json\/wp\/v2\/types\/post"}],"author":[{"embeddable":true,"href":"https:\/\/radiowebmx.com\/nota\/wp-json\/wp\/v2\/users\/1"}],"replies":[{"embeddable":true,"href":"https:\/\/radiowebmx.com\/nota\/wp-json\/wp\/v2\/comments?post=14657"}],"version-history":[{"count":2,"href":"https:\/\/radiowebmx.com\/nota\/wp-json\/wp\/v2\/posts\/14657\/revisions"}],"predecessor-version":[{"id":14660,"href":"https:\/\/radiowebmx.com\/nota\/wp-json\/wp\/v2\/posts\/14657\/revisions\/14660"}],"wp:featuredmedia":[{"embeddable":true,"href":"https:\/\/radiowebmx.com\/nota\/wp-json\/wp\/v2\/media\/14658"}],"wp:attachment":[{"href":"https:\/\/radiowebmx.com\/nota\/wp-json\/wp\/v2\/media?parent=14657"}],"wp:term":[{"taxonomy":"category","embeddable":true,"href":"https:\/\/radiowebmx.com\/nota\/wp-json\/wp\/v2\/categories?post=14657"},{"taxonomy":"post_tag","embeddable":true,"href":"https:\/\/radiowebmx.com\/nota\/wp-json\/wp\/v2\/tags?post=14657"}],"curies":[{"name":"wp","href":"https:\/\/api.w.org\/{rel}","templated":true}]}}