{"id":14618,"date":"2015-04-15T13:09:46","date_gmt":"2015-04-15T18:09:46","guid":{"rendered":"https:\/\/radiowebmx.com\/nota\/?p=14618"},"modified":"2015-04-15T13:09:46","modified_gmt":"2015-04-15T18:09:46","slug":"abud-y-sector-turismo-trabajan-por-un-morelia-para-el-mundo%e2%80%8f","status":"publish","type":"post","link":"https:\/\/radiowebmx.com\/nota\/abud-y-sector-turismo-trabajan-por-un-morelia-para-el-mundo%e2%80%8f\/","title":{"rendered":"ABUD Y SECTOR TURISMO TRABAJAN POR UN MORELIA PARA EL MUNDO\u200f"},"content":{"rendered":"<p>Empresarios michoacanos l\u00edderes de los sectores productivos y tur\u00edsticos, mostraron inter\u00e9s por apoyar a la administraci\u00f3n municipal al frente de Salvador Abud Mirabent. Los hombres y mujeres de negocios presentaron sus propuestas para alcanzar el potencial tur\u00edstico de la capital michoacana en los mejores est\u00e1ndares de calidad.<\/p>\n<p>&nbsp;<\/p>\n<p>El Presidente Nacional de Tesoros Coloniales, Fernando P\u00e9rez; los dirigentes de la C\u00e1mara Nacional de Comercios, Servicios y Turismo de Morelia (Canaco), Guadalupe Morales; Consejo Coordinador Empresarial (Cce), Arcadio M\u00e9ndez Hurtado; Comercios y Vecinos del Centro Hist\u00f3rico (Covechi), Alfonso Guerrero Guadarrama; Asociaci\u00f3n de Hoteles del Estado, Agust\u00edn Arriaga Diez, y su hom\u00f3loga en Morelia, Graciela Pati\u00f1o, expresaron sus puntos de vista referente a los asuntos y problemas que m\u00e1s resiente el sector comercial y de turismo,\u00a0 dando \u00e9nfasis a las manifestaciones y marchas en el primer cuadro de la ciudad, que les afecta considerablemente en sus ventas y atenci\u00f3n a los visitantes.<\/p>\n<p>&nbsp;<\/p>\n<p>Abud Mirabent agradeci\u00f3\u00a0 el respaldo recibido por los l\u00edderes que han participado en la proyecci\u00f3n de Morelia al mundo y expres\u00f3 su inquietud de culminar una administraci\u00f3n municipal en orden, para lo cual dijo, ya se trabaja en la entrega recepci\u00f3n.<\/p>\n<p>&nbsp;<\/p>\n<p>En el tiempo restante del actual Ayuntamiento, consider\u00f3 aceptable recibir las propuestas de los expertos en la industria del comercio y turismo para cerrar bien el trabajo realizado hasta el momento por el gobierno local a trav\u00e9s de la Secretar\u00eda de Turismo.<\/p>\n","protected":false},"excerpt":{"rendered":"<p>Empresarios michoacanos l\u00edderes de los sectores productivos y tur\u00edsticos, mostraron inter\u00e9s por apoyar a la administraci\u00f3n municipal al frente de Salvador Abud Mirabent. Los hombres y mujeres de negocios presentaron sus propuestas para alcanzar el potencial tur\u00edstico de la capital michoacana en los mejores est\u00e1ndares de calidad.<\/p>\n","protected":false},"author":1,"featured_media":14619,"comment_status":"open","ping_status":"open","sticky":false,"template":"","format":"standard","meta":{"footnotes":""},"categories":[14,9],"tags":[],"class_list":["post-14618","post","type-post","status-publish","format-standard","has-post-thumbnail","hentry","category-destacadas","category-morelia"],"_links":{"self":[{"href":"https:\/\/radiowebmx.com\/nota\/wp-json\/wp\/v2\/posts\/14618","targetHints":{"allow":["GET"]}}],"collection":[{"href":"https:\/\/radiowebmx.com\/nota\/wp-json\/wp\/v2\/posts"}],"about":[{"href":"https:\/\/radiowebmx.com\/nota\/wp-json\/wp\/v2\/types\/post"}],"author":[{"embeddable":true,"href":"https:\/\/radiowebmx.com\/nota\/wp-json\/wp\/v2\/users\/1"}],"replies":[{"embeddable":true,"href":"https:\/\/radiowebmx.com\/nota\/wp-json\/wp\/v2\/comments?post=14618"}],"version-history":[{"count":1,"href":"https:\/\/radiowebmx.com\/nota\/wp-json\/wp\/v2\/posts\/14618\/revisions"}],"predecessor-version":[{"id":14620,"href":"https:\/\/radiowebmx.com\/nota\/wp-json\/wp\/v2\/posts\/14618\/revisions\/14620"}],"wp:featuredmedia":[{"embeddable":true,"href":"https:\/\/radiowebmx.com\/nota\/wp-json\/wp\/v2\/media\/14619"}],"wp:attachment":[{"href":"https:\/\/radiowebmx.com\/nota\/wp-json\/wp\/v2\/media?parent=14618"}],"wp:term":[{"taxonomy":"category","embeddable":true,"href":"https:\/\/radiowebmx.com\/nota\/wp-json\/wp\/v2\/categories?post=14618"},{"taxonomy":"post_tag","embeddable":true,"href":"https:\/\/radiowebmx.com\/nota\/wp-json\/wp\/v2\/tags?post=14618"}],"curies":[{"name":"wp","href":"https:\/\/api.w.org\/{rel}","templated":true}]}}