{"id":14611,"date":"2015-04-15T13:03:11","date_gmt":"2015-04-15T18:03:11","guid":{"rendered":"https:\/\/radiowebmx.com\/nota\/?p=14611"},"modified":"2015-04-15T13:03:11","modified_gmt":"2015-04-15T18:03:11","slug":"abud-mirabent-dio-la-bienvenida-al-nuevo-titular-del-consejo-ciudadano","status":"publish","type":"post","link":"https:\/\/radiowebmx.com\/nota\/abud-mirabent-dio-la-bienvenida-al-nuevo-titular-del-consejo-ciudadano\/","title":{"rendered":"Abud Mirabent dio la bienvenida al nuevo titular del Consejo Ciudadano"},"content":{"rendered":"<p>El presidente municipal, Salvador Abud Mirabent le dio la bienvenida al nuevo secretario t\u00e9cnico del Consejo Ciudadano, Juan Anastasio Escobedo D\u00edaz, quien tom\u00f3 la estafeta al frente de este organismo conformado por morelianos, con la finalidad de que sus propuestas tengan eco en pol\u00edticas p\u00fablicas para el desarrollo de Morelia.<\/p>\n<p>&nbsp;<\/p>\n<p>El edil destac\u00f3 la importancia de darle continuidad a los proyectos y cerrar la administraci\u00f3n con toda la intensidad y toda la capacidad posibles y hacer un trabajo que deje huella en la memoria de los morelianos.<\/p>\n<p>&nbsp;<\/p>\n<p>En reuni\u00f3n con Abud Mirabent, los integrantes del Consejo Ciudadano le solicitaron que realice sus funciones al frente del Gobierno municipal con el mayor compromiso y escuche las propuestas de los consejeros, ya que su inter\u00e9s es mejorar la ciudad en los diferentes sectores y realizar acciones que tengan un impacto m\u00e1s all\u00e1 del per\u00edodo de 5 meses que resta a la presente administraci\u00f3n.<\/p>\n<p>&nbsp;<\/p>\n<p>El Presidente municipal escuch\u00f3 con atenci\u00f3n las diferentes visiones de los consejeros, quienes con responsabilidad y experiencia indicaron las necesidades y proyectos que pueden emprenderse en la ciudad, potenciando sus fortalezas y de este modo ejecutar las tareas de impacto social para los morelianos.<\/p>\n<p>&nbsp;<\/p>\n<p>El secretario t\u00e9cnico, Escobedo D\u00edaz, y los consejeros coincidieron en que el deseo y la voluntad com\u00fan es transformar a la ciudad, contribuyendo a su impulso y desarrollo, adem\u00e1s de generar cadenas de participaci\u00f3n y colaboraci\u00f3n ya que la esencia de una ciudad es la calidad de su gente y el compromiso que tiene con su entorno social.<\/p>\n","protected":false},"excerpt":{"rendered":"<p>El presidente municipal, SAM le dio la bienvenida al nuevo secretario t\u00e9cnico del Consejo Ciudadano, Juan Anastasio Escobedo D\u00edaz, quien tom\u00f3 la estafeta al frente de este organismo conformado por morelianos, con la finalidad de que sus propuestas tengan eco en pol\u00edticas p\u00fablicas para el desarrollo de Morelia.<\/p>\n","protected":false},"author":1,"featured_media":14612,"comment_status":"open","ping_status":"open","sticky":false,"template":"","format":"standard","meta":{"footnotes":""},"categories":[14,9],"tags":[],"class_list":["post-14611","post","type-post","status-publish","format-standard","has-post-thumbnail","hentry","category-destacadas","category-morelia"],"_links":{"self":[{"href":"https:\/\/radiowebmx.com\/nota\/wp-json\/wp\/v2\/posts\/14611","targetHints":{"allow":["GET"]}}],"collection":[{"href":"https:\/\/radiowebmx.com\/nota\/wp-json\/wp\/v2\/posts"}],"about":[{"href":"https:\/\/radiowebmx.com\/nota\/wp-json\/wp\/v2\/types\/post"}],"author":[{"embeddable":true,"href":"https:\/\/radiowebmx.com\/nota\/wp-json\/wp\/v2\/users\/1"}],"replies":[{"embeddable":true,"href":"https:\/\/radiowebmx.com\/nota\/wp-json\/wp\/v2\/comments?post=14611"}],"version-history":[{"count":2,"href":"https:\/\/radiowebmx.com\/nota\/wp-json\/wp\/v2\/posts\/14611\/revisions"}],"predecessor-version":[{"id":14614,"href":"https:\/\/radiowebmx.com\/nota\/wp-json\/wp\/v2\/posts\/14611\/revisions\/14614"}],"wp:featuredmedia":[{"embeddable":true,"href":"https:\/\/radiowebmx.com\/nota\/wp-json\/wp\/v2\/media\/14612"}],"wp:attachment":[{"href":"https:\/\/radiowebmx.com\/nota\/wp-json\/wp\/v2\/media?parent=14611"}],"wp:term":[{"taxonomy":"category","embeddable":true,"href":"https:\/\/radiowebmx.com\/nota\/wp-json\/wp\/v2\/categories?post=14611"},{"taxonomy":"post_tag","embeddable":true,"href":"https:\/\/radiowebmx.com\/nota\/wp-json\/wp\/v2\/tags?post=14611"}],"curies":[{"name":"wp","href":"https:\/\/api.w.org\/{rel}","templated":true}]}}