{"id":14608,"date":"2015-04-15T13:01:13","date_gmt":"2015-04-15T18:01:13","guid":{"rendered":"https:\/\/radiowebmx.com\/nota\/?p=14608"},"modified":"2015-04-15T13:01:13","modified_gmt":"2015-04-15T18:01:13","slug":"relevo-en-la-secretaria-de-desarrollo-social%e2%80%8f","status":"publish","type":"post","link":"https:\/\/radiowebmx.com\/nota\/relevo-en-la-secretaria-de-desarrollo-social%e2%80%8f\/","title":{"rendered":"RELEVO EN LA SECRETAR\u00cdA DE DESARROLLO SOCIAL\u200f"},"content":{"rendered":"<p>Tras exhortar a los trabajadores de la Secretar\u00eda de Desarrollo Social de Morelia a conducirse apegados a la ley, siendo escrupulosos en el manejo de los programas sociales, durante y despu\u00e9s del proceso electoral que se vive en Michoac\u00e1n, el alcalde Salvador Abud Mirabent present\u00f3 esta tarde a Gerardo Miranda Mart\u00ednez como nuevo titular de la dependencia municipal.<\/p>\n<p>&nbsp;<\/p>\n<p>Gerardo Miranda Mart\u00ednez releva a Carlos Hern\u00e1ndez L\u00f3pez, qui\u00e9n se separa del cargo por razones personales; \u201cReconocemos el trabajo, el desempe\u00f1o y el compromiso de Carlos Hern\u00e1ndez al frente de esta Secretar\u00eda, que nos permite como Ayuntamiento ser solidarios con la poblaci\u00f3n\u201d, apunt\u00f3 Abud Mirabent.<\/p>\n","protected":false},"excerpt":{"rendered":"<p>Tras exhortar a los trabajadores de la Secretar\u00eda de Desarrollo Social de Morelia a conducirse apegados a la ley, siendo escrupulosos en el manejo de los programas sociales, durante y despu\u00e9s del proceso electoral que se vive en Michoac\u00e1n,<\/p>\n","protected":false},"author":1,"featured_media":14609,"comment_status":"open","ping_status":"open","sticky":false,"template":"","format":"standard","meta":{"footnotes":""},"categories":[14,9],"tags":[],"class_list":["post-14608","post","type-post","status-publish","format-standard","has-post-thumbnail","hentry","category-destacadas","category-morelia"],"_links":{"self":[{"href":"https:\/\/radiowebmx.com\/nota\/wp-json\/wp\/v2\/posts\/14608","targetHints":{"allow":["GET"]}}],"collection":[{"href":"https:\/\/radiowebmx.com\/nota\/wp-json\/wp\/v2\/posts"}],"about":[{"href":"https:\/\/radiowebmx.com\/nota\/wp-json\/wp\/v2\/types\/post"}],"author":[{"embeddable":true,"href":"https:\/\/radiowebmx.com\/nota\/wp-json\/wp\/v2\/users\/1"}],"replies":[{"embeddable":true,"href":"https:\/\/radiowebmx.com\/nota\/wp-json\/wp\/v2\/comments?post=14608"}],"version-history":[{"count":1,"href":"https:\/\/radiowebmx.com\/nota\/wp-json\/wp\/v2\/posts\/14608\/revisions"}],"predecessor-version":[{"id":14610,"href":"https:\/\/radiowebmx.com\/nota\/wp-json\/wp\/v2\/posts\/14608\/revisions\/14610"}],"wp:featuredmedia":[{"embeddable":true,"href":"https:\/\/radiowebmx.com\/nota\/wp-json\/wp\/v2\/media\/14609"}],"wp:attachment":[{"href":"https:\/\/radiowebmx.com\/nota\/wp-json\/wp\/v2\/media?parent=14608"}],"wp:term":[{"taxonomy":"category","embeddable":true,"href":"https:\/\/radiowebmx.com\/nota\/wp-json\/wp\/v2\/categories?post=14608"},{"taxonomy":"post_tag","embeddable":true,"href":"https:\/\/radiowebmx.com\/nota\/wp-json\/wp\/v2\/tags?post=14608"}],"curies":[{"name":"wp","href":"https:\/\/api.w.org\/{rel}","templated":true}]}}