{"id":14602,"date":"2015-04-15T12:58:54","date_gmt":"2015-04-15T17:58:54","guid":{"rendered":"https:\/\/radiowebmx.com\/nota\/?p=14602"},"modified":"2015-04-15T12:58:54","modified_gmt":"2015-04-15T17:58:54","slug":"instala-ayuntamiento-la-junta-civica-jose-maria-morelos-y-pavon-2015","status":"publish","type":"post","link":"https:\/\/radiowebmx.com\/nota\/instala-ayuntamiento-la-junta-civica-jose-maria-morelos-y-pavon-2015\/","title":{"rendered":"INSTALA AYUNTAMIENTO LA JUNTA C\u00cdVICA \u201cJOS\u00c9 MAR\u00cdA MORELOS Y PAV\u00d3N 2015\u201d."},"content":{"rendered":"<p>El Ayuntamiento de Morelia, en conjunto con las asociaciones empresariales, acad\u00e9micas, instituciones de gobierno, Congreso del Estado, Supremo Tribunal de Justica, 21 Zona Militar y representantes de la sociedad civil, integraron de manera formal la Junta C\u00edvica Conmemorativa \u201cJos\u00e9 Mar\u00eda Morelos y Pav\u00f3n 2015\u201d, con lo que se da inicio a la conformaci\u00f3n de la agenda de eventos que ser\u00e1n el marco para conmemorar el 474 aniversario de la fundaci\u00f3n de Morelia y, por primera ocasi\u00f3n, se unir\u00e1n tambi\u00e9n los festejos por el 250 aniversario del natalicio del General\u00edsimo.<\/p>\n<p>&nbsp;<\/p>\n<p>Salvador Abud Mirabent, presidente municipal de Morelia, indic\u00f3 que mediante este evento se da inicio formal a la conformaci\u00f3n del programa de actividades que contempla acciones c\u00edvicas, patri\u00f3ticas y de cultura ciudadana, as\u00ed como las art\u00edsticas, culturales y deportivas, con el fin de engrandecer estas celebraciones de orden nacional.<\/p>\n<p>&nbsp;<\/p>\n<p>A los integrantes de la Junta C\u00edvica los invit\u00f3 a que, desde su experiencia, hagan de esta coyuntura una verdadera fusi\u00f3n de ideas, para que este a\u00f1o la sociedad y el gobierno moreliano, ensamblen una estructura de trabajo que no s\u00f3lo se vea reflejada en las actividades culturales, sino que tambi\u00e9n logren su cometido, honrando las tradiciones y la identidad moreliana.<\/p>\n<p>&nbsp;<\/p>\n<p>Una vez instalada la Junta C\u00edvica\u00a0 \u201cJos\u00e9 Mar\u00eda Morelos y Pav\u00f3n 2015\u201d, se convocar\u00e1 a los vocales a reuniones para la integraci\u00f3n de las comisiones, siendo la primera el pr\u00f3ximo 16 de abril, en las oficinas de la Secretar\u00eda de Turismo de Morelia.<\/p>\n<p>&nbsp;<\/p>\n<p>El programa de actividades ser\u00e1 dado a conocer en Bando Solemne\u00a0 que ser\u00e1 fijado en recorrido el pr\u00f3ximo 29 de abril a las nueve horas partiendo de Palacio Municipal en la calle Allende 403.<\/p>\n<p>&nbsp;<\/p>\n<p>La conformaci\u00f3n oficial de la Junta C\u00edvica corri\u00f3 a cargo de Luis Mendoza Valencia representante en este evento del gobernador del estado, Salvador Jara Guerrero, actividad a la que asistieron Maribel Rodr\u00edguez, S\u00edndico Municipal, regidores que conforman el Cabildo capitalino, el secretario de Turismo, Enrique Rivera Ruiz y representantes de los poderes legislativo, judicial y de la 21 Zona Militar.<\/p>\n","protected":false},"excerpt":{"rendered":"<p>El Ayuntamiento de Morelia, en conjunto con las asociaciones empresariales, acad\u00e9micas, instituciones de gobierno, Congreso del Estado, Supremo Tribunal de Justica, 21 Zona Militar y representantes de la sociedad civil, integraron de manera formal la Junta C\u00edvica Conmemorativa \u201cJos\u00e9 Mar\u00eda Morelos y Pav\u00f3n 2015\u201d<\/p>\n","protected":false},"author":1,"featured_media":14603,"comment_status":"open","ping_status":"open","sticky":false,"template":"","format":"standard","meta":{"footnotes":""},"categories":[14,9],"tags":[],"class_list":["post-14602","post","type-post","status-publish","format-standard","has-post-thumbnail","hentry","category-destacadas","category-morelia"],"_links":{"self":[{"href":"https:\/\/radiowebmx.com\/nota\/wp-json\/wp\/v2\/posts\/14602","targetHints":{"allow":["GET"]}}],"collection":[{"href":"https:\/\/radiowebmx.com\/nota\/wp-json\/wp\/v2\/posts"}],"about":[{"href":"https:\/\/radiowebmx.com\/nota\/wp-json\/wp\/v2\/types\/post"}],"author":[{"embeddable":true,"href":"https:\/\/radiowebmx.com\/nota\/wp-json\/wp\/v2\/users\/1"}],"replies":[{"embeddable":true,"href":"https:\/\/radiowebmx.com\/nota\/wp-json\/wp\/v2\/comments?post=14602"}],"version-history":[{"count":1,"href":"https:\/\/radiowebmx.com\/nota\/wp-json\/wp\/v2\/posts\/14602\/revisions"}],"predecessor-version":[{"id":14604,"href":"https:\/\/radiowebmx.com\/nota\/wp-json\/wp\/v2\/posts\/14602\/revisions\/14604"}],"wp:featuredmedia":[{"embeddable":true,"href":"https:\/\/radiowebmx.com\/nota\/wp-json\/wp\/v2\/media\/14603"}],"wp:attachment":[{"href":"https:\/\/radiowebmx.com\/nota\/wp-json\/wp\/v2\/media?parent=14602"}],"wp:term":[{"taxonomy":"category","embeddable":true,"href":"https:\/\/radiowebmx.com\/nota\/wp-json\/wp\/v2\/categories?post=14602"},{"taxonomy":"post_tag","embeddable":true,"href":"https:\/\/radiowebmx.com\/nota\/wp-json\/wp\/v2\/tags?post=14602"}],"curies":[{"name":"wp","href":"https:\/\/api.w.org\/{rel}","templated":true}]}}