{"id":14598,"date":"2015-04-15T12:55:47","date_gmt":"2015-04-15T17:55:47","guid":{"rendered":"https:\/\/radiowebmx.com\/nota\/?p=14598"},"modified":"2015-04-15T12:55:47","modified_gmt":"2015-04-15T17:55:47","slug":"miriam-cruz-de-abud-recibe-reconocimiento-por-parte-de-la-cruz-roja","status":"publish","type":"post","link":"https:\/\/radiowebmx.com\/nota\/miriam-cruz-de-abud-recibe-reconocimiento-por-parte-de-la-cruz-roja\/","title":{"rendered":"MIRIAM CRUZ DE ABUD RECIBE RECONOCIMIENTO POR PARTE DE LA CRUZ ROJA"},"content":{"rendered":"<p>La Cruz Roja Mexicana Delegaci\u00f3n Morelia entreg\u00f3 un reconocimiento a Miriam Cruz de Abud, mediante el cual fue nombrada presidenta honoraria de dicha instituci\u00f3n dedicada al servicio y atenci\u00f3n de la salud de los morelianos.<\/p>\n<p>&nbsp;<\/p>\n<p>La Presidenta del DIF Morelia\u00a0 recibi\u00f3 de manos del presidente de la Cruz Roja, Noel Trainor, dicho reconocimiento antes de realizar un recorrido por las instalaciones de la instituci\u00f3n, que cuenta con diferentes \u00e1reas de atenci\u00f3n, como son el equipo de ambulancias y param\u00e9dicos que ofrecen primeros auxilios, las evaluaciones\u00a0 y ex\u00e1menes m\u00e9dicos, an\u00e1lisis de sangre, \u00e1rea de curaci\u00f3n, urgencias, entre otras.<\/p>\n<p>&nbsp;<\/p>\n<p>Noel Trainor, Presidente de la Cruz Roja Mexicana destac\u00f3 la importante vinculaci\u00f3n con el DIF Morelia para brindar de manera eficiente la atenci\u00f3n m\u00e9dica y cuidados a la salud de los morelianos y destac\u00f3 el inter\u00e9s de Miriam Cruz de Abud, para colaborar con dicha instituci\u00f3n, quien asumi\u00f3 con orgullo la responsabilidad de dicho nombramiento, adem\u00e1s de comprometerse con la colecta nacional, para el fortalecimiento de esta noble instituci\u00f3n de auxilio.<\/p>\n","protected":false},"excerpt":{"rendered":"<p>La Cruz Roja Mexicana Delegaci\u00f3n Morelia entreg\u00f3 un reconocimiento a Miriam Cruz de Abud, mediante el cual fue nombrada presidenta honoraria de dicha instituci\u00f3n dedicada al servicio y atenci\u00f3n de la salud de los morelianos.<\/p>\n","protected":false},"author":1,"featured_media":14599,"comment_status":"open","ping_status":"open","sticky":false,"template":"","format":"standard","meta":{"footnotes":""},"categories":[14,9],"tags":[],"class_list":["post-14598","post","type-post","status-publish","format-standard","has-post-thumbnail","hentry","category-destacadas","category-morelia"],"_links":{"self":[{"href":"https:\/\/radiowebmx.com\/nota\/wp-json\/wp\/v2\/posts\/14598","targetHints":{"allow":["GET"]}}],"collection":[{"href":"https:\/\/radiowebmx.com\/nota\/wp-json\/wp\/v2\/posts"}],"about":[{"href":"https:\/\/radiowebmx.com\/nota\/wp-json\/wp\/v2\/types\/post"}],"author":[{"embeddable":true,"href":"https:\/\/radiowebmx.com\/nota\/wp-json\/wp\/v2\/users\/1"}],"replies":[{"embeddable":true,"href":"https:\/\/radiowebmx.com\/nota\/wp-json\/wp\/v2\/comments?post=14598"}],"version-history":[{"count":2,"href":"https:\/\/radiowebmx.com\/nota\/wp-json\/wp\/v2\/posts\/14598\/revisions"}],"predecessor-version":[{"id":14601,"href":"https:\/\/radiowebmx.com\/nota\/wp-json\/wp\/v2\/posts\/14598\/revisions\/14601"}],"wp:featuredmedia":[{"embeddable":true,"href":"https:\/\/radiowebmx.com\/nota\/wp-json\/wp\/v2\/media\/14599"}],"wp:attachment":[{"href":"https:\/\/radiowebmx.com\/nota\/wp-json\/wp\/v2\/media?parent=14598"}],"wp:term":[{"taxonomy":"category","embeddable":true,"href":"https:\/\/radiowebmx.com\/nota\/wp-json\/wp\/v2\/categories?post=14598"},{"taxonomy":"post_tag","embeddable":true,"href":"https:\/\/radiowebmx.com\/nota\/wp-json\/wp\/v2\/tags?post=14598"}],"curies":[{"name":"wp","href":"https:\/\/api.w.org\/{rel}","templated":true}]}}