{"id":14592,"date":"2015-04-15T12:05:38","date_gmt":"2015-04-15T17:05:38","guid":{"rendered":"https:\/\/radiowebmx.com\/nota\/?p=14592"},"modified":"2015-04-15T12:05:38","modified_gmt":"2015-04-15T17:05:38","slug":"las-mujeres-trabajaran-con-el-corachon-para-ganar-la-eleccion","status":"publish","type":"post","link":"https:\/\/radiowebmx.com\/nota\/las-mujeres-trabajaran-con-el-corachon-para-ganar-la-eleccion\/","title":{"rendered":"LAS MUJERES TRABAJAR\u00c1N CON EL &#8220;CORACHON&#8221;  PARA GANAR LA ELECCI\u00d3N"},"content":{"rendered":"<p>Vamos a llevar a Chon Orihuela al triunfo el siete de junio; \u00e9l ser\u00e1 nuestro gobernador y sin duda se mejorar\u00e1n las condiciones de vida en Michoac\u00e1n, coincidieron mujeres y ganaderos de Morelia. Las primeras ya se\u00f1alaron que trabajar\u00e1n con todo el &#8220;coraChon&#8221; a favor del aspirante del PRI, puesto que se necesita un gobernador de palabra y ese es el tambi\u00e9n abanderado del Partido Verde.<\/p>\n<p>&nbsp;<\/p>\n<p>En diferentes eventos en la capital michoacana, hubo coincidencia de que Jos\u00e9 Ascenci\u00f3n Orihuela B\u00e1rcenas es quien desde el primer d\u00eda de su gobierno sabr\u00e1 atender las necesidades de todos los sectores y dar\u00e1 soluciones a la problem\u00e1tica que a\u00fan nos aqueja. Se\u00f1alaron que las mejores propuestas, las que son reales, las ha planteado Chon.<\/p>\n<p>&nbsp;<\/p>\n<p>Inicialmente, en el fraccionamiento Villas del Pedregal, habitantes del lugar y mujeres Pur\u00e9pechas destacaron la importancia de que Chon Orihuela sea un candidato al gobierno del estado que ha mantenido por 40 a\u00f1os una familia estable al lado de su esposa, por eso &#8220;vamos con el PRI de &#8216;coraChon&#8217;; \u00e9l ser\u00e1 nuestro gobernador&#8221;.<\/p>\n<p>&nbsp;<\/p>\n<p>Quienes hicieron uso de la palabra, ya lo adoptaron como una forma de hablar, &#8220;vamos contigo de coraChon&#8221;. Ello tras la explicaci\u00f3n de Carla Paulina Ledesma en el sentido de que las mujeres siempre hacen todo al 100 por ciento, justamente as\u00ed, con el coraChon.<\/p>\n<p>&nbsp;<\/p>\n<p>Acompa\u00f1ado por los candidatos a diputados federales Daniela de los Santos y Marco Polo Aguirre, as\u00ed como el ex panista Salvador L\u00f3pez Ordu\u00f1a, el candidato del tricolor enfatiz\u00f3 que en Michoac\u00e1n no puede haber borr\u00f3n y cuenta nueva, luego de que se registraron desfalcos que nos dejaron en d\u00e9ficit fiscal, frenando la posibilidad de desarrollo de las comunidades, como las existentes en la meseta pur\u00e9pecha.<\/p>\n<p>&nbsp;<\/p>\n<p>Por eso, dijo, nosotros planteamos tener orden para cumplir con el compromiso de un gobierno que se preocupe por la gente, que se trabaje en la atenci\u00f3n a las demandas de la ciudadan\u00eda.<\/p>\n<p>&nbsp;<\/p>\n<p>Chon Orihuela indic\u00f3 que uno de los servicios que m\u00e1s se afect\u00f3 en su momento por estos desfalcos fueron los servicios de salud, as\u00ed como programas diversos como el que pretend\u00eda evitar ni\u00f1as afectadas sexualmente y para ello inicialmente hay que trabajar en la informaci\u00f3n precisa.<\/p>\n<p>&nbsp;<\/p>\n<p>&#8220;Por eso habremos de trabajar intensamente para impulsar un programa que planeta que las ni\u00f1as no deben cuidar ni\u00f1as, las ni\u00f1as deben vivir su infancia y adolescencia plenamente y llegar a la edad madura sin ser madres solteras, pero tambi\u00e9n las que existen contar\u00e1n con el apoyo de las instituciones para atender sus empleos y su hogar&#8221;.<\/p>\n<p>&nbsp;<\/p>\n<p>En el gobierno, indic\u00f3, se dar\u00e1 atenci\u00f3n prioritaria a todos los temas relacionados con las mujeres; la equidad de g\u00e9nero se ha impulsado decididamente desde el gobierno federal que encabeza Enrique Pe\u00f1a Nieto e inici\u00f3 con una reforma constitucional para la postulaci\u00f3n a diversos puestos de elecci\u00f3n popular, esto deber\u00e1 ir en Michoac\u00e1n tambi\u00e9n al empelo, la seguridad social y en general todos los derechos<\/p>\n<p>&nbsp;<\/p>\n<p>Esto, finaliz\u00f3, &#8220;ser\u00e1 una prioridad en el gobierno de Chon Orihuela, me quiero comprometer con las mujeres a que en Michoac\u00e1n habremos de impulsar las pol\u00edticas de equidad que Enrique Pe\u00f1a impulsa a nivel nacional con vigor y gran presencia&#8221;.<\/p>\n<p>&nbsp;<\/p>\n<p>Reuni\u00f3n con ganaderos<\/p>\n<p>&nbsp;<\/p>\n<p>A trav\u00e9s del fortalecimiento del\u00a0 hato ganadero y su mejoramiento gen\u00e9tico se garantiza la inocuidad para tener mayor producci\u00f3n y se consolide su exportaci\u00f3n. De esta manera podr\u00e1 darse un incremento econ\u00f3mico entre quienes se dedican a este rubro, asever\u00f3 Jos\u00e9 Ascenci\u00f3n Orihuela B\u00e1rcenas candidato del Partido Revolucionario Institucional (PRI) a la gubernatura por Michoac\u00e1n, quien siendo conocedor en el tema, extern\u00f3 ante cientos de integrantes de la Asociaci\u00f3n Ganadera Regional de Morelia, que ser\u00e1 la \u00fanica manera de incrementar el desarrollo en la ganader\u00eda michoacana.<\/p>\n<p>&nbsp;<\/p>\n<p>Al ejemplificar las acciones realizadas en la regi\u00f3n de Tierra Caliente, donde en algunos municipios aleda\u00f1os a Apatzingan, ya han sido liberados para poder exportar ganado hacia Estados Unidos, dando con ello un mejor precio al kilo de carne que se produce\u00a0 &#8220;debemos trabajar muy fuerte para\u00a0 que todas las actividades econ\u00f3micas que se producen con la ganader\u00eda puedan exportarse y sean un negocio realmente redituable&#8221;, apunt\u00f3 en este sentido Chon Orihuela.<\/p>\n<p>&nbsp;<\/p>\n<p>En el caso de Morelia, dijo que aunque no es un municipio el cual su actividad principal sea la producci\u00f3n de ganado existe una buena producci\u00f3n ganadera y existen buenos mercados cerca, por lo que es necesario trabajar intensamente para fortalecer esta actividad econ\u00f3mica; por ello destac\u00f3 que los grandes retos de la actividad agropecuaria ser\u00e1 mejorar la infraestructura para quienes tienen ranchos, aprender inseminaci\u00f3n artificial e incrementar el\u00a0 n\u00famero de vaquillas por cada\u00a0 semental.<\/p>\n<p>&nbsp;<\/p>\n","protected":false},"excerpt":{"rendered":"<p>Vamos a llevar a Chon Orihuela al triunfo el siete de junio; \u00e9l ser\u00e1 nuestro gobernador y sin duda se mejorar\u00e1n las condiciones de vida en Michoac\u00e1n, coincidieron mujeres y ganaderos de Morelia. Las primeras ya se\u00f1alaron que trabajar\u00e1n con todo el &#8220;coraChon&#8221; a favor del aspirante del PRI,<\/p>\n","protected":false},"author":1,"featured_media":14593,"comment_status":"open","ping_status":"open","sticky":false,"template":"","format":"standard","meta":{"footnotes":""},"categories":[14,11,12],"tags":[],"class_list":["post-14592","post","type-post","status-publish","format-standard","has-post-thumbnail","hentry","category-destacadas","category-partidos-politicos","category-pri"],"_links":{"self":[{"href":"https:\/\/radiowebmx.com\/nota\/wp-json\/wp\/v2\/posts\/14592","targetHints":{"allow":["GET"]}}],"collection":[{"href":"https:\/\/radiowebmx.com\/nota\/wp-json\/wp\/v2\/posts"}],"about":[{"href":"https:\/\/radiowebmx.com\/nota\/wp-json\/wp\/v2\/types\/post"}],"author":[{"embeddable":true,"href":"https:\/\/radiowebmx.com\/nota\/wp-json\/wp\/v2\/users\/1"}],"replies":[{"embeddable":true,"href":"https:\/\/radiowebmx.com\/nota\/wp-json\/wp\/v2\/comments?post=14592"}],"version-history":[{"count":1,"href":"https:\/\/radiowebmx.com\/nota\/wp-json\/wp\/v2\/posts\/14592\/revisions"}],"predecessor-version":[{"id":14594,"href":"https:\/\/radiowebmx.com\/nota\/wp-json\/wp\/v2\/posts\/14592\/revisions\/14594"}],"wp:featuredmedia":[{"embeddable":true,"href":"https:\/\/radiowebmx.com\/nota\/wp-json\/wp\/v2\/media\/14593"}],"wp:attachment":[{"href":"https:\/\/radiowebmx.com\/nota\/wp-json\/wp\/v2\/media?parent=14592"}],"wp:term":[{"taxonomy":"category","embeddable":true,"href":"https:\/\/radiowebmx.com\/nota\/wp-json\/wp\/v2\/categories?post=14592"},{"taxonomy":"post_tag","embeddable":true,"href":"https:\/\/radiowebmx.com\/nota\/wp-json\/wp\/v2\/tags?post=14592"}],"curies":[{"name":"wp","href":"https:\/\/api.w.org\/{rel}","templated":true}]}}