{"id":14586,"date":"2015-04-15T11:54:31","date_gmt":"2015-04-15T16:54:31","guid":{"rendered":"https:\/\/radiowebmx.com\/nota\/?p=14586"},"modified":"2015-04-15T11:54:31","modified_gmt":"2015-04-15T16:54:31","slug":"pri-ratifica-su-compromiso-con-la-legalidad","status":"publish","type":"post","link":"https:\/\/radiowebmx.com\/nota\/pri-ratifica-su-compromiso-con-la-legalidad\/","title":{"rendered":"PRI RATIFICA SU COMPROMISO CON LA LEGALIDAD."},"content":{"rendered":"<p>El Partido Revolucionario Institucional, present\u00f3 este d\u00eda una denuncia en contra del PRD y su candidato al gobierno del estado, ante la Fiscal\u00eda Especializada en Investigaci\u00f3n de Delitos Electorales, por un recurso de 20 millones de pesos de dudosa procedencia que utilizaron en la campa\u00f1a de 2011.<\/p>\n<p>&nbsp;<\/p>\n<p>El Secretario de Acci\u00f3n Electoral del Comit\u00e9 Directivo Estatal de PRI, Omar C\u00e1rdenas Ortiz, se\u00f1al\u00f3 que esperar\u00e1n a que las autoridades investiguen la procedencia de dicho dinero.<\/p>\n<p>&nbsp;<\/p>\n<p>En rueda de prensa, en donde tambi\u00e9n estuvieron presentes el Representante del PRI ante los \u00f3rganos electorales, Octavio Aparicio Melchor, Gerardo Nava Mej\u00eda Subsecretario de Acci\u00f3n Electoral y Arturo Jos\u00e9 Mauricio Bravo, representante suplente del Partido ante los \u00f3rganos electorales, C\u00e1rdenas Ortiz,\u00a0 manifest\u00f3 que descubrieron el origen de estos 20 millones de pesos en unos documentos y audios que el mismo PRD entreg\u00f3 a los \u00f3rganos electorales.<\/p>\n<p>&nbsp;<\/p>\n<p>En otro tema Omar C\u00e1rdenas, inform\u00f3 que ya se retir\u00f3 la publicidad en puentes peatonales del candidato del PRI al solio de Ocampo, Jos\u00e9 Ascensi\u00f3n Orihuela B\u00e1rcenas, lo cual lo constat\u00f3 y dio fe un notario p\u00fablico.<\/p>\n<p>&nbsp;<\/p>\n<p>En este tenor, el Secretario de Acci\u00f3n Electoral ratific\u00f3 que \u201cEl PRI es el partido de la legalidad y siempre nos hemos mantenido dentro de la ley, en el Revolucionario Institucional cumplimos en tiempo y forma con lo que establece el IEM\u201d<\/p>\n<p>&nbsp;<\/p>\n<p>Omar C\u00e1rdenas Ortiz, subray\u00f3 que \u201cEl Revolucionario Institucional acata las medidas que emiti\u00f3 el \u00d3rgano Administrativo Electoral, en referencia a que hab\u00eda que retirar la publicidad de nuestro candidato, Chon Orihuela,\u00a0 la cual se encontraba en diversos puentes peatonales de la ciudad de Morelia.<\/p>\n<p>&nbsp;<\/p>\n<p>C\u00e1rdenas Ortiz extern\u00f3 que a pesar de que el PRI no comparte esa resoluci\u00f3n, siempre atender\u00e1n las indicaciones de las autoridades, sin embargo dijo, apelaran la decisi\u00f3n que tom\u00f3 el \u00f3rgano electoral correspondiente.<\/p>\n","protected":false},"excerpt":{"rendered":"<p>El PRI, present\u00f3 este d\u00eda una denuncia en contra del PRD y su candidato al gobierno del estado, ante la Fiscal\u00eda Especializada en Investigaci\u00f3n de Delitos Electorales, por un recurso de 20 millones de pesos de dudosa procedencia que utilizaron en la campa\u00f1a de 2011.<\/p>\n","protected":false},"author":1,"featured_media":14587,"comment_status":"open","ping_status":"open","sticky":false,"template":"","format":"standard","meta":{"footnotes":""},"categories":[14,11,12],"tags":[],"class_list":["post-14586","post","type-post","status-publish","format-standard","has-post-thumbnail","hentry","category-destacadas","category-partidos-politicos","category-pri"],"_links":{"self":[{"href":"https:\/\/radiowebmx.com\/nota\/wp-json\/wp\/v2\/posts\/14586","targetHints":{"allow":["GET"]}}],"collection":[{"href":"https:\/\/radiowebmx.com\/nota\/wp-json\/wp\/v2\/posts"}],"about":[{"href":"https:\/\/radiowebmx.com\/nota\/wp-json\/wp\/v2\/types\/post"}],"author":[{"embeddable":true,"href":"https:\/\/radiowebmx.com\/nota\/wp-json\/wp\/v2\/users\/1"}],"replies":[{"embeddable":true,"href":"https:\/\/radiowebmx.com\/nota\/wp-json\/wp\/v2\/comments?post=14586"}],"version-history":[{"count":1,"href":"https:\/\/radiowebmx.com\/nota\/wp-json\/wp\/v2\/posts\/14586\/revisions"}],"predecessor-version":[{"id":14588,"href":"https:\/\/radiowebmx.com\/nota\/wp-json\/wp\/v2\/posts\/14586\/revisions\/14588"}],"wp:featuredmedia":[{"embeddable":true,"href":"https:\/\/radiowebmx.com\/nota\/wp-json\/wp\/v2\/media\/14587"}],"wp:attachment":[{"href":"https:\/\/radiowebmx.com\/nota\/wp-json\/wp\/v2\/media?parent=14586"}],"wp:term":[{"taxonomy":"category","embeddable":true,"href":"https:\/\/radiowebmx.com\/nota\/wp-json\/wp\/v2\/categories?post=14586"},{"taxonomy":"post_tag","embeddable":true,"href":"https:\/\/radiowebmx.com\/nota\/wp-json\/wp\/v2\/tags?post=14586"}],"curies":[{"name":"wp","href":"https:\/\/api.w.org\/{rel}","templated":true}]}}