{"id":14582,"date":"2015-04-14T12:51:34","date_gmt":"2015-04-14T17:51:34","guid":{"rendered":"https:\/\/radiowebmx.com\/nota\/?p=14582"},"modified":"2015-04-14T12:51:34","modified_gmt":"2015-04-14T17:51:34","slug":"primera-clinica-en-la-ciudad-salud-digna%e2%80%8f","status":"publish","type":"post","link":"https:\/\/radiowebmx.com\/nota\/primera-clinica-en-la-ciudad-salud-digna%e2%80%8f\/","title":{"rendered":"Primera Cl\u00ednica en la Ciudad \u201cSalud Digna\u201d\u200f"},"content":{"rendered":"<p>El presidente municipal, Salvador Abud Mirabent, atestigu\u00f3 la apertura de la Primera Cl\u00ednica en la Ciudad \u201cSalud Digna\u201d, empresa que llega a Morelia para coadyuvar con la pol\u00edtica incluyente que favorece a la Morelia cada vez m\u00e1s solidaria, donde las familias de escasos recursos podr\u00e1n ser atendidas en an\u00e1lisis cl\u00ednicos, examen de la vista, electrocardiograma, papanicolaou, mastograf\u00eda y ultrasonidos entro otros a bajo costo.<\/p>\n<p>&nbsp;<\/p>\n<p>El gobernador del estado, Salvador Jara Guerrero y el alcalde, Salvador Abud Mirabent, acompa\u00f1ados de sus esposas y los directivos de la empresa, cortaron el list\u00f3n inaugural de este nuevo centro m\u00e9dico que se suma a los esfuerzos de una buena salud p\u00fablica.<\/p>\n<p>&nbsp;<\/p>\n<p>Como forma de agradecimiento y para dar a conocer los servicios que ofrecen, Salud Digna ofreci\u00f3 al sistema DIF Morelia, dos mil vales de diversos estudios para que sean distribuidos entre las familias de escasos recursos que lo requieran.<\/p>\n","protected":false},"excerpt":{"rendered":"<p>El presidente municipal, Salvador Abud Mirabent, atestigu\u00f3 la apertura de la Primera Cl\u00ednica en la Ciudad \u201cSalud Digna\u201d, empresa que llega a Morelia para coadyuvar con la pol\u00edtica incluyente que favorece a la Morelia cada vez m\u00e1s solidaria, donde las familias de escasos recursos podr\u00e1n ser atendidas en an\u00e1lisis cl\u00ednicos, <\/p>\n","protected":false},"author":1,"featured_media":0,"comment_status":"open","ping_status":"open","sticky":false,"template":"","format":"standard","meta":{"footnotes":""},"categories":[1],"tags":[],"class_list":["post-14582","post","type-post","status-publish","format-standard","hentry","category-sin-categoria"],"_links":{"self":[{"href":"https:\/\/radiowebmx.com\/nota\/wp-json\/wp\/v2\/posts\/14582","targetHints":{"allow":["GET"]}}],"collection":[{"href":"https:\/\/radiowebmx.com\/nota\/wp-json\/wp\/v2\/posts"}],"about":[{"href":"https:\/\/radiowebmx.com\/nota\/wp-json\/wp\/v2\/types\/post"}],"author":[{"embeddable":true,"href":"https:\/\/radiowebmx.com\/nota\/wp-json\/wp\/v2\/users\/1"}],"replies":[{"embeddable":true,"href":"https:\/\/radiowebmx.com\/nota\/wp-json\/wp\/v2\/comments?post=14582"}],"version-history":[{"count":2,"href":"https:\/\/radiowebmx.com\/nota\/wp-json\/wp\/v2\/posts\/14582\/revisions"}],"predecessor-version":[{"id":14584,"href":"https:\/\/radiowebmx.com\/nota\/wp-json\/wp\/v2\/posts\/14582\/revisions\/14584"}],"wp:attachment":[{"href":"https:\/\/radiowebmx.com\/nota\/wp-json\/wp\/v2\/media?parent=14582"}],"wp:term":[{"taxonomy":"category","embeddable":true,"href":"https:\/\/radiowebmx.com\/nota\/wp-json\/wp\/v2\/categories?post=14582"},{"taxonomy":"post_tag","embeddable":true,"href":"https:\/\/radiowebmx.com\/nota\/wp-json\/wp\/v2\/tags?post=14582"}],"curies":[{"name":"wp","href":"https:\/\/api.w.org\/{rel}","templated":true}]}}