{"id":14579,"date":"2015-04-14T12:14:05","date_gmt":"2015-04-14T17:14:05","guid":{"rendered":"https:\/\/radiowebmx.com\/nota\/?p=14579"},"modified":"2015-04-14T12:14:05","modified_gmt":"2015-04-14T17:14:05","slug":"acuerdan-partidos-organos-electorales-y-gobierno-trabajo-conjunto-en-torno-al-blindaje-electoral","status":"publish","type":"post","link":"https:\/\/radiowebmx.com\/nota\/acuerdan-partidos-organos-electorales-y-gobierno-trabajo-conjunto-en-torno-al-blindaje-electoral\/","title":{"rendered":"ACUERDAN PARTIDOS, \u00d3RGANOS ELECTORALES Y GOBIERNO, TRABAJO CONJUNTO EN TORNO AL BLINDAJE ELECTORAL"},"content":{"rendered":"<p>En lo que fue la primera reuni\u00f3n de trabajo de la Mesa Pol\u00edtica y de Gobernabilidad, luego del arranque de las campa\u00f1as, el secretario de Gobierno Jaime Esparza Cortina, los titulares de los \u00f3rganos electorales, dirigentes de institutos pol\u00edticos con representaci\u00f3n en el estado y funcionarios del Gobierno Federal, dieron seguimiento al desarrollo del proceso electoral, y definieron tareas de atenci\u00f3n prioritaria para que el ejercicio democr\u00e1tico se realice sin contratiempos.<\/p>\n<p>De esta mesa, se derivaron importantes acuerdos para la celebraci\u00f3n de un proceso electoral adecuado, apegado a derecho y con seguridad, toda vez que se encontraron coincidencias entre los actores pol\u00edticos, sobre todo en el \u00e1nimo de colaborar con la autoridad y con los propios \u00f3rganos electorales en este sentido.<\/p>\n<p>De ah\u00ed que se acord\u00f3 trabajar en coordinaci\u00f3n con los tres \u00f3rdenes de gobierno en torno al blindaje electoral de recursos p\u00fablicos para evitar que se usen en favor de alg\u00fan candidato, partido o campa\u00f1a electoral.<\/p>\n<p>Esparza Cortina record\u00f3 que a partir de la primera reuni\u00f3n de trabajo se anunci\u00f3 p\u00fablicamente que el Gobierno del Estado hab\u00eda tomado las medidas necesarias para que ning\u00fan servidor p\u00fablico estatal pueda desviar recursos hacia el proceso electoral.<\/p>\n<p>\u201cQuienes lo hacen, independientemente del llamado y los apercibimientos que les hemos hecho llegar, que se atengan a las consecuencias, ya que ahora los partidos tendr\u00e1n opciones para poder acudir a las instancias legales correspondientes a presentar su queja o denuncia\u201d, complement\u00f3.<\/p>\n<p>En este sentido, el encargado de la pol\u00edtica interna del estado fue enf\u00e1tico en manifestar que no habr\u00e1 tolerancia alguna en este sentido y se actuar\u00e1 con apego a la ley, es por ello, dijo, que el gobierno estatal act\u00faa de forma inmediata ante acciones que entorpezcan la transparencia del proceso electoral.<\/p>\n<p>Ante la respuesta y voluntad de los participantes de esta Mesa Pol\u00edtica y de Gobernabilidad, el secretario de Gobierno destac\u00f3 y celebr\u00f3 la participaci\u00f3n de los \u00f3rganos electorales y de los partidos pol\u00edticos como facilitadores del proceso electoral.<\/p>\n<p>\u201cEstamos haciendo un gran esfuerzo en estas reuniones para evitar justamente que los partidos y los candidatos se enfrenten y se confronten, as\u00ed como para evitar la violencia entre los ciudadanos; es decir, si se evita la violencia verbal ayudar\u00e1 a evitar la violencia f\u00edsica\u201d, complement\u00f3.<\/p>\n<p>Otro de los compromisos adquiridos en esta reuni\u00f3n fue la participaci\u00f3n en la pr\u00f3xima sesi\u00f3n de la Fiscal\u00eda Especializada para la Atenci\u00f3n de Delitos Electorales (FEPADE) y de la Secretar\u00eda de la Funci\u00f3n P\u00fablica, para trabajar en torno al blindaje electoral.<\/p>\n<p>A esta reuni\u00f3n acudieron: Florentino Coalla Pulido, delegado de la Secretar\u00eda de Gobernaci\u00f3n; Ram\u00f3n Hern\u00e1ndez Reyes, presidente consejero del Instituto Electoral de Michoac\u00e1n; Joaqu\u00edn Rubio S\u00e1nchez, vocal ejecutivo local del Instituto Nacional Electoral y Odil\u00f3n Orozco Puga, Subdelegado del Centro de Investigaci\u00f3n y Seguridad Nacional (CISEN).<\/p>\n<p>Por parte de los partidos pol\u00edticos acudieron: Agust\u00edn Trujillo I\u00f1iguez, presidente del Comit\u00e9 Directivo Estatal del Partido Revolucionario Institucional (PRI); Miguel \u00c1ngel Ch\u00e1vez Zavala, presidente del Comit\u00e9 Directivo Estatal del Partido Acci\u00f3n Nacional (PAN); Jonathan Sanata Gonz\u00e1lez, presidente del Comit\u00e9 Ejecutivo Estatal del Partido Verde Ecologista de M\u00e9xico; Jos\u00e9 Daniel Moncada S\u00e1nchez, coordinador estatal del Partido Movimiento Ciudadano; Araceli Mart\u00ednez M\u00e9ndez, presidenta del Comit\u00e9 Directivo Estatal del Partido Nueva Alianza; Mario S\u00e1nchez Cerda, presidente del Comit\u00e9 Directivo Estatal del Partido Humanista; Rub\u00e9n P\u00e9rez Hern\u00e1ndez, presidente del Comit\u00e9 Directivo Estatal del Partido Encuentro Social y los representantes del Partido de la Revoluci\u00f3n Democr\u00e1tica (PRD) y del Movimiento de Regeneraci\u00f3n Nacional (MORENA), Daniel Rangel Pi\u00f1\u00f3n y Erick L\u00f3pez Villase\u00f1or, respectivamente.<\/p>\n<p>&nbsp;<\/p>\n","protected":false},"excerpt":{"rendered":"<p>En lo que fue la primera reuni\u00f3n de trabajo de la Mesa Pol\u00edtica y de Gobernabilidad, luego del arranque de las campa\u00f1as, el secretario de Gobierno Jaime Esparza Cortina, los titulares de los \u00f3rganos electorales, dirigentes de institutos pol\u00edticos con representaci\u00f3n en el estado y funcionarios del Gobierno Federal,<\/p>\n","protected":false},"author":1,"featured_media":14580,"comment_status":"open","ping_status":"open","sticky":false,"template":"","format":"standard","meta":{"footnotes":""},"categories":[14,3],"tags":[],"class_list":["post-14579","post","type-post","status-publish","format-standard","has-post-thumbnail","hentry","category-destacadas","category-gobierno-del-estado-de-michoacan"],"_links":{"self":[{"href":"https:\/\/radiowebmx.com\/nota\/wp-json\/wp\/v2\/posts\/14579","targetHints":{"allow":["GET"]}}],"collection":[{"href":"https:\/\/radiowebmx.com\/nota\/wp-json\/wp\/v2\/posts"}],"about":[{"href":"https:\/\/radiowebmx.com\/nota\/wp-json\/wp\/v2\/types\/post"}],"author":[{"embeddable":true,"href":"https:\/\/radiowebmx.com\/nota\/wp-json\/wp\/v2\/users\/1"}],"replies":[{"embeddable":true,"href":"https:\/\/radiowebmx.com\/nota\/wp-json\/wp\/v2\/comments?post=14579"}],"version-history":[{"count":1,"href":"https:\/\/radiowebmx.com\/nota\/wp-json\/wp\/v2\/posts\/14579\/revisions"}],"predecessor-version":[{"id":14581,"href":"https:\/\/radiowebmx.com\/nota\/wp-json\/wp\/v2\/posts\/14579\/revisions\/14581"}],"wp:featuredmedia":[{"embeddable":true,"href":"https:\/\/radiowebmx.com\/nota\/wp-json\/wp\/v2\/media\/14580"}],"wp:attachment":[{"href":"https:\/\/radiowebmx.com\/nota\/wp-json\/wp\/v2\/media?parent=14579"}],"wp:term":[{"taxonomy":"category","embeddable":true,"href":"https:\/\/radiowebmx.com\/nota\/wp-json\/wp\/v2\/categories?post=14579"},{"taxonomy":"post_tag","embeddable":true,"href":"https:\/\/radiowebmx.com\/nota\/wp-json\/wp\/v2\/tags?post=14579"}],"curies":[{"name":"wp","href":"https:\/\/api.w.org\/{rel}","templated":true}]}}