{"id":14576,"date":"2015-04-14T12:11:03","date_gmt":"2015-04-14T17:11:03","guid":{"rendered":"https:\/\/radiowebmx.com\/nota\/?p=14576"},"modified":"2015-04-14T12:11:03","modified_gmt":"2015-04-14T17:11:03","slug":"pide-apoyo-movimiento-ciudadano-para-encontrar-a-angel-gerardo-ortiz","status":"publish","type":"post","link":"https:\/\/radiowebmx.com\/nota\/pide-apoyo-movimiento-ciudadano-para-encontrar-a-angel-gerardo-ortiz\/","title":{"rendered":"Pide apoyo Movimiento Ciudadano para encontrar a \u00c1ngel Gerardo Ortiz"},"content":{"rendered":"<p>Movimiento Ciudadano pide la colaboraci\u00f3n de la ciudadan\u00eda en general y de los medios de comunicaci\u00f3n para localizar al joven \u00c1ngel Gerardo Ortiz Mart\u00ednez, qui\u00e9n se encuentra desaparecido desde el pasado jueves 16 del mes en curso.<\/p>\n<p>El joven sali\u00f3 el pasado jueves en punto de las 22.00 horas de la sede de Movimiento Ciudadano, donde se encontraba trabajando de manera eventual desde hace una semana en el \u00e1rea de inform\u00e1tica, sin embargo, avis\u00f3 a su familia que ir\u00eda a reunirse con uno de sus amigos en el Centro Hist\u00f3rico de Morelia, pero hasta este momento no ha regresado a su hogar.<\/p>\n<p>Ortiz Mart\u00ednez es un joven que cuenta con una licenciatura en Historia, tiene 28 a\u00f1os y coadyuvaba en diversas labores de manera eventual en la organizaci\u00f3n naranja desde hace ocho d\u00edas.<\/p>\n<p>Tras su desaparici\u00f3n la familia contacto al dirigente estatal de Movimiento Ciudadano, Daniel Moncada S\u00e1nchez para reportar su desaparici\u00f3n y pedir ayuda para localizar al joven que tiene 4 d\u00edas de desaparecido, por lo que dio aviso inmediato al titular de la Secretar\u00eda de Gobierno para que realice las investigaciones pertinentes.<\/p>\n<p>Aprovech\u00f3 para pedir apoyo a los medios de comunicaci\u00f3n y a la sociedad en general para proporcionar alg\u00fan tipo de informaci\u00f3n que pudieran coadyuvar para dar con el paradero de \u00c1ngel Gerardo, esperando que aparezca a la brevedad con vida y no sea un caso de desaparici\u00f3n forzada o secuestro.<\/p>\n<p>Movimiento Ciudadano, manifiesta su respaldo y solidaridad total a la familia de este joven y demanda su aparici\u00f3n con vida de forma inmediata.<\/p>\n","protected":false},"excerpt":{"rendered":"<p>Movimiento Ciudadano pide la colaboraci\u00f3n de la ciudadan\u00eda en general y de los medios de comunicaci\u00f3n para localizar al joven \u00c1ngel Gerardo Ortiz Mart\u00ednez, qui\u00e9n se encuentra desaparecido desde el pasado jueves 16 del mes en curso.<\/p>\n","protected":false},"author":1,"featured_media":14577,"comment_status":"open","ping_status":"open","sticky":false,"template":"","format":"standard","meta":{"footnotes":""},"categories":[14],"tags":[],"class_list":["post-14576","post","type-post","status-publish","format-standard","has-post-thumbnail","hentry","category-destacadas"],"_links":{"self":[{"href":"https:\/\/radiowebmx.com\/nota\/wp-json\/wp\/v2\/posts\/14576","targetHints":{"allow":["GET"]}}],"collection":[{"href":"https:\/\/radiowebmx.com\/nota\/wp-json\/wp\/v2\/posts"}],"about":[{"href":"https:\/\/radiowebmx.com\/nota\/wp-json\/wp\/v2\/types\/post"}],"author":[{"embeddable":true,"href":"https:\/\/radiowebmx.com\/nota\/wp-json\/wp\/v2\/users\/1"}],"replies":[{"embeddable":true,"href":"https:\/\/radiowebmx.com\/nota\/wp-json\/wp\/v2\/comments?post=14576"}],"version-history":[{"count":1,"href":"https:\/\/radiowebmx.com\/nota\/wp-json\/wp\/v2\/posts\/14576\/revisions"}],"predecessor-version":[{"id":14578,"href":"https:\/\/radiowebmx.com\/nota\/wp-json\/wp\/v2\/posts\/14576\/revisions\/14578"}],"wp:featuredmedia":[{"embeddable":true,"href":"https:\/\/radiowebmx.com\/nota\/wp-json\/wp\/v2\/media\/14577"}],"wp:attachment":[{"href":"https:\/\/radiowebmx.com\/nota\/wp-json\/wp\/v2\/media?parent=14576"}],"wp:term":[{"taxonomy":"category","embeddable":true,"href":"https:\/\/radiowebmx.com\/nota\/wp-json\/wp\/v2\/categories?post=14576"},{"taxonomy":"post_tag","embeddable":true,"href":"https:\/\/radiowebmx.com\/nota\/wp-json\/wp\/v2\/tags?post=14576"}],"curies":[{"name":"wp","href":"https:\/\/api.w.org\/{rel}","templated":true}]}}