{"id":14543,"date":"2015-04-13T13:24:44","date_gmt":"2015-04-13T18:24:44","guid":{"rendered":"https:\/\/radiowebmx.com\/nota\/?p=14543"},"modified":"2015-04-13T13:24:44","modified_gmt":"2015-04-13T18:24:44","slug":"participa-salvador-abud-en-carrera-corre-por-morelia%e2%80%8f","status":"publish","type":"post","link":"https:\/\/radiowebmx.com\/nota\/participa-salvador-abud-en-carrera-corre-por-morelia%e2%80%8f\/","title":{"rendered":"Participa Salvador Abud en carrera Corre por Morelia\u200f"},"content":{"rendered":"<p>M\u00e1s de mil morelianos y visitantes de otras entidades del pa\u00eds y del extranjero participaron en la carreta atl\u00e9tica \u201cCorre por Morelia, Haz Barrio\u201d, de cinco y ocho kil\u00f3metros, en la que el banderazo de salida corri\u00f3 a cargo del presidente municipal de Morelia, Salvador Abud Mirabent, participante tambi\u00e9n de esta justa.<\/p>\n<p>&nbsp;<\/p>\n<p>El competidor Jaime Ra\u00fal G\u00f3mez logr\u00f3 el primer lugar en la rama varonil de 5 kil\u00f3metros, con un tiempo de 20 minutos 37 segundos, mientras que Rodgers Gesabaua, con 23 minutos 57 segundos, obtuvo el primer lugar de la carrera de 8 kil\u00f3metros.<\/p>\n<p>&nbsp;<\/p>\n<p>En la rama femenil se coron\u00f3 en pri<\/p>\n<h2><\/h2>\n<p>mer lugar en la categor\u00eda de ocho kil\u00f3metros la keniana Rose Jabet Philles y en cinco kil\u00f3metros Penninah Mosot, de la misma nacionalidad.<\/p>\n<p>&nbsp;<\/p>\n<p>La competencia se desarroll\u00f3 en un ambiente familiar donde se privilegi\u00f3 la cultura del deporte a favor de la salud. Menores de edad, abuelos, padres de familia y empresarios locales se registraron para lograr un tiempo favorable en la carrera \u201cCorre por Morelia, Haz barrio\u201d 2015.<\/p>\n<p>&nbsp;<\/p>\n<p>Todos los competidores recibieron una medalla alusiva a la carrera atl\u00e9tica y quienes as\u00ed lo ocuparon, recibieron atenci\u00f3n m\u00e9dica e hidrataci\u00f3n permanente.<\/p>\n","protected":false},"excerpt":{"rendered":"<p>M\u00e1s de mil morelianos y visitantes de otras entidades del pa\u00eds y del extranjero participaron en la carreta atl\u00e9tica \u201cCorre por Morelia, Haz Barrio\u201d, de cinco y ocho kil\u00f3metros, en la que el banderazo de salida corri\u00f3 a cargo del presidente municipal de Morelia, Salvador Abud Mirabent, participante tambi\u00e9n de esta justa.<\/p>\n","protected":false},"author":1,"featured_media":14544,"comment_status":"open","ping_status":"open","sticky":false,"template":"","format":"standard","meta":{"footnotes":""},"categories":[14,9],"tags":[],"class_list":["post-14543","post","type-post","status-publish","format-standard","has-post-thumbnail","hentry","category-destacadas","category-morelia"],"_links":{"self":[{"href":"https:\/\/radiowebmx.com\/nota\/wp-json\/wp\/v2\/posts\/14543","targetHints":{"allow":["GET"]}}],"collection":[{"href":"https:\/\/radiowebmx.com\/nota\/wp-json\/wp\/v2\/posts"}],"about":[{"href":"https:\/\/radiowebmx.com\/nota\/wp-json\/wp\/v2\/types\/post"}],"author":[{"embeddable":true,"href":"https:\/\/radiowebmx.com\/nota\/wp-json\/wp\/v2\/users\/1"}],"replies":[{"embeddable":true,"href":"https:\/\/radiowebmx.com\/nota\/wp-json\/wp\/v2\/comments?post=14543"}],"version-history":[{"count":1,"href":"https:\/\/radiowebmx.com\/nota\/wp-json\/wp\/v2\/posts\/14543\/revisions"}],"predecessor-version":[{"id":14545,"href":"https:\/\/radiowebmx.com\/nota\/wp-json\/wp\/v2\/posts\/14543\/revisions\/14545"}],"wp:featuredmedia":[{"embeddable":true,"href":"https:\/\/radiowebmx.com\/nota\/wp-json\/wp\/v2\/media\/14544"}],"wp:attachment":[{"href":"https:\/\/radiowebmx.com\/nota\/wp-json\/wp\/v2\/media?parent=14543"}],"wp:term":[{"taxonomy":"category","embeddable":true,"href":"https:\/\/radiowebmx.com\/nota\/wp-json\/wp\/v2\/categories?post=14543"},{"taxonomy":"post_tag","embeddable":true,"href":"https:\/\/radiowebmx.com\/nota\/wp-json\/wp\/v2\/tags?post=14543"}],"curies":[{"name":"wp","href":"https:\/\/api.w.org\/{rel}","templated":true}]}}