{"id":14540,"date":"2015-04-13T13:21:32","date_gmt":"2015-04-13T18:21:32","guid":{"rendered":"https:\/\/radiowebmx.com\/nota\/?p=14540"},"modified":"2015-04-13T13:21:32","modified_gmt":"2015-04-13T18:21:32","slug":"visita-edil-moreliano-instalaciones-deportivas-en-la-unidad-indeco","status":"publish","type":"post","link":"https:\/\/radiowebmx.com\/nota\/visita-edil-moreliano-instalaciones-deportivas-en-la-unidad-indeco\/","title":{"rendered":"Visita edil moreliano instalaciones deportivas en la Unidad Indeco"},"content":{"rendered":"<p>Luego de 15 a\u00f1os, los frontones de la unidad deportiva Morelos-Indeco albergaron nuevamente una competencia, al ponerse en marcha el \u201cGran Torneo de Frontenis\u201d, de Segunda Fuerza, organizado por el Instituto Municipal de Cultura F\u00edsica y Deporte, con la participaci\u00f3n de 16 duplas. El edil moreliano, Salvador Abud Mirabent fue el encargado de dar el saque inicial.<\/p>\n<p>&nbsp;<\/p>\n<p>El evento deportivo, comenz\u00f3 en punto de las 08:00 horas, en las canchas de front\u00f3n del espacio mencionado, en donde se dieron cita 32 de los mejores exponentes de la disciplina en la ciudad; la modalidad fue de parejas rama varonil exclusivamente para la categor\u00eda de Segunda Fuerza. Todos los partidos se definieron a 20 tantos.<\/p>\n<p>&nbsp;<\/p>\n<p>El saque inaugural corri\u00f3 a cargo del presidente municipal de Morelia, Salvador Abud Mirabent, quien realizaba en ese momento una visita de cortes\u00eda por toda la unidad deportiva.<\/p>\n<p>&nbsp;<\/p>\n<p>Las hostilidades se mantendr\u00e1n hasta las 16:00 horas, tras la disputa de las rondas finales y obtener as\u00ed a los flamantes campeones del certamen.<\/p>\n<p>&nbsp;<\/p>\n<p>La premiaci\u00f3n del torneo consiste en trofeos para los tres primeros lugares de cada rama, adem\u00e1s de un diploma de participaci\u00f3n para todos los pelotaris inscritos en el evento.<\/p>\n<p>&nbsp;<\/p>\n<p><b>Realiz\u00f3 recorrido<\/b><\/p>\n<p>Salvador Abud Mirabent, jefe de la comuna moreliana, encabez\u00f3 un breve recorrido por los diferentes espacios de la unidad deportiva Morelos-Indeco, con la intenci\u00f3n de conocer de manera profunda, las funciones realizadas en el Instituto.<\/p>\n<p>&nbsp;<\/p>\n<p>Durante la visita, el alcalde acudi\u00f3 al Complejo Acu\u00e1tico \u201cMedallistas Paral\u00edmpicos\u201d, en donde coincidi\u00f3 e intercambio algunas palabras con la sirena moreliana Beatriz Res\u00e9ndiz, quien recientemente oficializ\u00f3 su pase a los Juegos Parapanamericanos de Toronto 2015, donde buscar\u00e1 colgarse la medalla de oro en la prueba de 200 metros libres, tras conseguir la plata en esa misma modalidad en la edici\u00f3n de Guadalajara 2011. Adem\u00e1s competir\u00e1 en los 100 metros dorso, 100 pecho y 200 combinados.<\/p>\n<p>&nbsp;<\/p>\n<p>Tambi\u00e9n conoci\u00f3 detalles de primera mano del modo de operaci\u00f3n del Complejo Acu\u00e1tico, en cuestiones como el uso de la temperatura del agua, as\u00ed como del proceso de inscripci\u00f3n a las clases de las diferentes actividades que ah\u00ed se realizan, como nataci\u00f3n, rehabilitaci\u00f3n y acuazumba.<\/p>\n<p>&nbsp;<\/p>\n<p>Por \u00faltimo, Abud Mirabent, conoci\u00f3 a miembros de la Organizaci\u00f3n Madero de Tae Kwon Do, la cual tiene su ubicaci\u00f3n en el centro deportivo y que aportar\u00e1 en breve, varios representantes a la selecci\u00f3n michoacana de la especialidad que participar\u00e1 en la Olimpiada Nacional 2015, a disputarse en Monterrey Nuevo Le\u00f3n.<\/p>\n","protected":false},"excerpt":{"rendered":"<p>Luego de 15 a\u00f1os, los frontones de la unidad deportiva Morelos-Indeco albergaron nuevamente una competencia, al ponerse en marcha el \u201cGran Torneo de Frontenis\u201d, de Segunda Fuerza, organizado por el Instituto Municipal de Cultura F\u00edsica y Deporte, con la participaci\u00f3n de 16 duplas. <\/p>\n","protected":false},"author":1,"featured_media":14541,"comment_status":"open","ping_status":"open","sticky":false,"template":"","format":"standard","meta":{"footnotes":""},"categories":[14,9],"tags":[],"class_list":["post-14540","post","type-post","status-publish","format-standard","has-post-thumbnail","hentry","category-destacadas","category-morelia"],"_links":{"self":[{"href":"https:\/\/radiowebmx.com\/nota\/wp-json\/wp\/v2\/posts\/14540","targetHints":{"allow":["GET"]}}],"collection":[{"href":"https:\/\/radiowebmx.com\/nota\/wp-json\/wp\/v2\/posts"}],"about":[{"href":"https:\/\/radiowebmx.com\/nota\/wp-json\/wp\/v2\/types\/post"}],"author":[{"embeddable":true,"href":"https:\/\/radiowebmx.com\/nota\/wp-json\/wp\/v2\/users\/1"}],"replies":[{"embeddable":true,"href":"https:\/\/radiowebmx.com\/nota\/wp-json\/wp\/v2\/comments?post=14540"}],"version-history":[{"count":1,"href":"https:\/\/radiowebmx.com\/nota\/wp-json\/wp\/v2\/posts\/14540\/revisions"}],"predecessor-version":[{"id":14542,"href":"https:\/\/radiowebmx.com\/nota\/wp-json\/wp\/v2\/posts\/14540\/revisions\/14542"}],"wp:featuredmedia":[{"embeddable":true,"href":"https:\/\/radiowebmx.com\/nota\/wp-json\/wp\/v2\/media\/14541"}],"wp:attachment":[{"href":"https:\/\/radiowebmx.com\/nota\/wp-json\/wp\/v2\/media?parent=14540"}],"wp:term":[{"taxonomy":"category","embeddable":true,"href":"https:\/\/radiowebmx.com\/nota\/wp-json\/wp\/v2\/categories?post=14540"},{"taxonomy":"post_tag","embeddable":true,"href":"https:\/\/radiowebmx.com\/nota\/wp-json\/wp\/v2\/tags?post=14540"}],"curies":[{"name":"wp","href":"https:\/\/api.w.org\/{rel}","templated":true}]}}