{"id":14537,"date":"2015-04-13T13:19:18","date_gmt":"2015-04-13T18:19:18","guid":{"rendered":"https:\/\/radiowebmx.com\/nota\/?p=14537"},"modified":"2015-04-13T13:19:18","modified_gmt":"2015-04-13T18:19:18","slug":"reunion-de-abud-mirabent-con-jefes-de-tenencia%e2%80%8f","status":"publish","type":"post","link":"https:\/\/radiowebmx.com\/nota\/reunion-de-abud-mirabent-con-jefes-de-tenencia%e2%80%8f\/","title":{"rendered":"Reuni\u00f3n de Abud Mirabent con jefes de tenencia\u200f"},"content":{"rendered":"<p>En cumplimiento al compromiso de fortalecer y construir puentes de comunicaci\u00f3n y buen trato entre el Ayuntamiento y los jefes de las 12 tenencias del municipio, funcionarios municipales encabezados por el alcalde Salvador Abud Mirabent, sostuvieron una reuni\u00f3n de trabajo en Tac\u00edcuaro, donde trataron temas de trascendencia para la poblaci\u00f3n que habita la zona rural de Morelia.<\/p>\n<p>&nbsp;<\/p>\n<p>El edil moreliano reconoci\u00f3 el liderazgo y el trabajo de cada autoridad auxiliar en sus respectivas comunidades: \u201cSon un enlace entre el gobierno y la poblaci\u00f3n que se encuentra alejada de la ciudad\u201d.<\/p>\n<p>&nbsp;<\/p>\n<p>Tras presentar a Zeus Rodr\u00edguez Miranda como Director de Enlace Ciudadano, Abud Mirabent resalt\u00f3 que\u00a0 le ha encomendado la responsabilidad de estar muy al pendiente de sus requerimientos \u00a0para brindar atenci\u00f3n a la poblaci\u00f3n de las comunidades morelianas.<\/p>\n<p>&nbsp;<\/p>\n<p>De la misma forma, dijo que le ha solicitado a la se\u00f1ora\u00a0 Miriam Cruz de Abud, presidenta del DIF municipal, que a trav\u00e9s de esa instituci\u00f3n se mantenga en contacto con ellos y atiendan los temas relacionados con las familias.<\/p>\n<p>&nbsp;<\/p>\n<p>Florentino Rodr\u00edguez, jefe de Tenencia de Tac\u00edcuaro, al dar la bienvenida a sus hom\u00f3logos y a los servidores p\u00fablicos, dijo que el acercamiento con el Presidente y parte de su gabinete los hace sentirse parte del Ayuntamiento moreliano y externar las necesidades de las comunidades\u00a0 que representan.<\/p>\n","protected":false},"excerpt":{"rendered":"<p>En cumplimiento al compromiso de fortalecer y construir puentes de comunicaci\u00f3n y buen trato entre el Ayuntamiento y los jefes de las 12 tenencias del municipio, funcionarios municipales encabezados por el alcalde Salvador Abud Mirabent, sostuvieron una reuni\u00f3n de trabajo en Tac\u00edcuaro, <\/p>\n","protected":false},"author":1,"featured_media":14538,"comment_status":"open","ping_status":"open","sticky":false,"template":"","format":"standard","meta":{"footnotes":""},"categories":[14,9],"tags":[],"class_list":["post-14537","post","type-post","status-publish","format-standard","has-post-thumbnail","hentry","category-destacadas","category-morelia"],"_links":{"self":[{"href":"https:\/\/radiowebmx.com\/nota\/wp-json\/wp\/v2\/posts\/14537","targetHints":{"allow":["GET"]}}],"collection":[{"href":"https:\/\/radiowebmx.com\/nota\/wp-json\/wp\/v2\/posts"}],"about":[{"href":"https:\/\/radiowebmx.com\/nota\/wp-json\/wp\/v2\/types\/post"}],"author":[{"embeddable":true,"href":"https:\/\/radiowebmx.com\/nota\/wp-json\/wp\/v2\/users\/1"}],"replies":[{"embeddable":true,"href":"https:\/\/radiowebmx.com\/nota\/wp-json\/wp\/v2\/comments?post=14537"}],"version-history":[{"count":1,"href":"https:\/\/radiowebmx.com\/nota\/wp-json\/wp\/v2\/posts\/14537\/revisions"}],"predecessor-version":[{"id":14539,"href":"https:\/\/radiowebmx.com\/nota\/wp-json\/wp\/v2\/posts\/14537\/revisions\/14539"}],"wp:featuredmedia":[{"embeddable":true,"href":"https:\/\/radiowebmx.com\/nota\/wp-json\/wp\/v2\/media\/14538"}],"wp:attachment":[{"href":"https:\/\/radiowebmx.com\/nota\/wp-json\/wp\/v2\/media?parent=14537"}],"wp:term":[{"taxonomy":"category","embeddable":true,"href":"https:\/\/radiowebmx.com\/nota\/wp-json\/wp\/v2\/categories?post=14537"},{"taxonomy":"post_tag","embeddable":true,"href":"https:\/\/radiowebmx.com\/nota\/wp-json\/wp\/v2\/tags?post=14537"}],"curies":[{"name":"wp","href":"https:\/\/api.w.org\/{rel}","templated":true}]}}