{"id":14524,"date":"2015-04-13T12:57:17","date_gmt":"2015-04-13T17:57:17","guid":{"rendered":"https:\/\/radiowebmx.com\/nota\/?p=14524"},"modified":"2015-04-13T12:57:17","modified_gmt":"2015-04-13T17:57:17","slug":"mi-gobierno-sera-como-los-ultimos-siete-dias-de-cerca-con-la-gente","status":"publish","type":"post","link":"https:\/\/radiowebmx.com\/nota\/mi-gobierno-sera-como-los-ultimos-siete-dias-de-cerca-con-la-gente\/","title":{"rendered":"Mi gobierno ser\u00e1 como los \u00faltimos siete d\u00edas, \u201cde cerca con la gente&#8221;"},"content":{"rendered":"<p>Un Gobierno de Verdad que de la mano de sus ciudadanos, recupere para todos lo mejor de Michoac\u00e1n fue la propuesta de la candidata panista durante su visita al municipio de Ario de Rosales en donde sum\u00f3 fuerzas de los habitantes de la zona.<\/p>\n<p>&nbsp;<\/p>\n<p>En el encuentro con l\u00edderes de las distintas comunidades, Luisa Mar\u00eda Calder\u00f3n Hinojosa escuch\u00f3 y apoy\u00f3 distintas propuestas de los asistentes \u201cNosotros queremos vivir en paz, tener progreso, m\u00e1s empleos y mejor pagados, pero sobre todo seguridad y cercan\u00eda de nuestro gobierno\u201d.<\/p>\n<p>&nbsp;<\/p>\n<p>En ese sentido la abanderada albiazul se comprometi\u00f3 no s\u00f3lo a solucionar las necesidades de primera mano de los ciudadanos sino a terminar de fondo con las graves problem\u00e1ticas que aquejan al estado desde hace a\u00f1os.<\/p>\n<p>&nbsp;<\/p>\n<p>\u201cYo ofrezco Un Gobierno de Verdad, que camine de la mano de sus ciudadanos, porque todos estamos cansados del abandono de los gobernantes que ha tenido Michoac\u00e1n en los \u00faltimos a\u00f1os, esos que vienen una vez, piden el voto y se van\u201d.<\/p>\n<p>&nbsp;<\/p>\n<p>Al respecto asegur\u00f3 que su gobierno ser\u00e1 como los \u00faltimos siete d\u00edas, \u201cde cerca con la gente, visitando sus casas, recorriendo las calles, los comercios, los tianguis, siendo parte de la vida cotidiana de los michoacano\u201d, expuso.<\/p>\n<p>&nbsp;<\/p>\n<p>\u201cYa he estado escuchando de su propia voz lo que necesitan y ser\u00e9 esa gobernadora de verdad, porque adem\u00e1s he constatado el esfuerzo que le ponen a cada actividad, se que son talentosos, trabajadores y que adem\u00e1s viven en municipios llenos de cultura y tradici\u00f3n y eso es lo que tambi\u00e9n hay que explotar\u201d.<\/p>\n<p>&nbsp;<\/p>\n<p>Finalmente dijo que crear\u00e1 cadenas de valor, empezando por la seguridad, el respeto a las familias, el empleo digno, la reactivaci\u00f3n econ\u00f3mica, la apertura al turismo y a las inversiones extranjeras.<\/p>\n","protected":false},"excerpt":{"rendered":"<p>Un Gobierno de Verdad que de la mano de sus ciudadanos, recupere para todos lo mejor de Michoac\u00e1n fue la propuesta de la candidata panista durante su visita al municipio de Ario de Rosales en donde sum\u00f3 fuerzas de los habitantes de la zona.<\/p>\n","protected":false},"author":1,"featured_media":0,"comment_status":"open","ping_status":"open","sticky":false,"template":"","format":"standard","meta":{"footnotes":""},"categories":[13,11],"tags":[],"class_list":["post-14524","post","type-post","status-publish","format-standard","hentry","category-pan","category-partidos-politicos"],"_links":{"self":[{"href":"https:\/\/radiowebmx.com\/nota\/wp-json\/wp\/v2\/posts\/14524","targetHints":{"allow":["GET"]}}],"collection":[{"href":"https:\/\/radiowebmx.com\/nota\/wp-json\/wp\/v2\/posts"}],"about":[{"href":"https:\/\/radiowebmx.com\/nota\/wp-json\/wp\/v2\/types\/post"}],"author":[{"embeddable":true,"href":"https:\/\/radiowebmx.com\/nota\/wp-json\/wp\/v2\/users\/1"}],"replies":[{"embeddable":true,"href":"https:\/\/radiowebmx.com\/nota\/wp-json\/wp\/v2\/comments?post=14524"}],"version-history":[{"count":2,"href":"https:\/\/radiowebmx.com\/nota\/wp-json\/wp\/v2\/posts\/14524\/revisions"}],"predecessor-version":[{"id":14526,"href":"https:\/\/radiowebmx.com\/nota\/wp-json\/wp\/v2\/posts\/14524\/revisions\/14526"}],"wp:attachment":[{"href":"https:\/\/radiowebmx.com\/nota\/wp-json\/wp\/v2\/media?parent=14524"}],"wp:term":[{"taxonomy":"category","embeddable":true,"href":"https:\/\/radiowebmx.com\/nota\/wp-json\/wp\/v2\/categories?post=14524"},{"taxonomy":"post_tag","embeddable":true,"href":"https:\/\/radiowebmx.com\/nota\/wp-json\/wp\/v2\/tags?post=14524"}],"curies":[{"name":"wp","href":"https:\/\/api.w.org\/{rel}","templated":true}]}}