{"id":14521,"date":"2015-04-13T12:56:20","date_gmt":"2015-04-13T17:56:20","guid":{"rendered":"https:\/\/radiowebmx.com\/nota\/?p=14521"},"modified":"2015-04-13T12:56:20","modified_gmt":"2015-04-13T17:56:20","slug":"miles-de-indecisos-ya-tienen-gobernadora-definida-lmch","status":"publish","type":"post","link":"https:\/\/radiowebmx.com\/nota\/miles-de-indecisos-ya-tienen-gobernadora-definida-lmch\/","title":{"rendered":"Miles de \u201cindecisos\u201d ya tienen gobernadora definida: LMCH"},"content":{"rendered":"<p>Condiciones justas y dignas de vida, as\u00ed como seguridad, y colocaci\u00f3n en el mercado de sus artesan\u00edas fueron algunas de las demandas que l\u00edderes del municipio de Ario de Rosales hicieron a la abanderada panista Luisa Mar\u00eda Calder\u00f3n Hinojosa, durante su visita a la zona, en donde manifestaron su apoyo a las propuestas que ella encabeza.<\/p>\n<p>&nbsp;<\/p>\n<p>\u201cQueremos un gobierno justo y transparente, que no nos de largas a nuestras peticiones, que cumpla sus compromisos y hable con la verdad, y nosotros est\u00e1bamos indecisos, pero vemos en usted a una mujer entregada, trabajadora, humana y principalmente honesta\u201d, as\u00ed lo expresaron los l\u00edderes de la distintas comunidades tras afirmar que ya cuenta la candidata con su voto.<\/p>\n<p>&nbsp;<\/p>\n<p>Al respecto la panista Luisa Mar\u00eda Calder\u00f3n Hinojosa, agradeci\u00f3 la confianza entregada y se comprometi\u00f3 a ofrecerles Un Gobierno de Verdad, \u201ctodos queremos un gobierno de a deveras, que act\u00fae, que tome decisiones, que proteja a sus ciudadanos, que de condiciones \u00f3ptimas de seguridad y desarrollo y ese gobierno lo voy a encabezar yo\u201d.<\/p>\n<p>&nbsp;<\/p>\n<p>En ese sentido se\u00f1al\u00f3 que dar\u00e1 la mano a cada ciudadano para invitarlo a que la acompa\u00f1en durante su gobierno, a que sean ellos los que pongan sobre la mesa las principales problem\u00e1ticas, para que juntos definan en plan de acci\u00f3n que de soluci\u00f3n a los conflictos.<\/p>\n<p>&nbsp;<\/p>\n<p>Tras reafirmar su compromiso por mantener un gobierno de cercan\u00eda con los michoacanos que se conduzca con honestidad y con valor, Calder\u00f3n Hinojosa sum\u00f3 apoyo de miles de indecisos que ahora tienen una gobernadora definida.<\/p>\n","protected":false},"excerpt":{"rendered":"<p>Condiciones justas y dignas de vida, as\u00ed como seguridad, y colocaci\u00f3n en el mercado de sus artesan\u00edas fueron algunas de las demandas que l\u00edderes del municipio de Ario de Rosales hicieron a la abanderada panista Luisa Mar\u00eda Calder\u00f3n Hinojosa, durante su visita a la zona,<\/p>\n","protected":false},"author":1,"featured_media":14522,"comment_status":"open","ping_status":"open","sticky":false,"template":"","format":"standard","meta":{"footnotes":""},"categories":[14,13,11],"tags":[],"class_list":["post-14521","post","type-post","status-publish","format-standard","has-post-thumbnail","hentry","category-destacadas","category-pan","category-partidos-politicos"],"_links":{"self":[{"href":"https:\/\/radiowebmx.com\/nota\/wp-json\/wp\/v2\/posts\/14521","targetHints":{"allow":["GET"]}}],"collection":[{"href":"https:\/\/radiowebmx.com\/nota\/wp-json\/wp\/v2\/posts"}],"about":[{"href":"https:\/\/radiowebmx.com\/nota\/wp-json\/wp\/v2\/types\/post"}],"author":[{"embeddable":true,"href":"https:\/\/radiowebmx.com\/nota\/wp-json\/wp\/v2\/users\/1"}],"replies":[{"embeddable":true,"href":"https:\/\/radiowebmx.com\/nota\/wp-json\/wp\/v2\/comments?post=14521"}],"version-history":[{"count":1,"href":"https:\/\/radiowebmx.com\/nota\/wp-json\/wp\/v2\/posts\/14521\/revisions"}],"predecessor-version":[{"id":14523,"href":"https:\/\/radiowebmx.com\/nota\/wp-json\/wp\/v2\/posts\/14521\/revisions\/14523"}],"wp:featuredmedia":[{"embeddable":true,"href":"https:\/\/radiowebmx.com\/nota\/wp-json\/wp\/v2\/media\/14522"}],"wp:attachment":[{"href":"https:\/\/radiowebmx.com\/nota\/wp-json\/wp\/v2\/media?parent=14521"}],"wp:term":[{"taxonomy":"category","embeddable":true,"href":"https:\/\/radiowebmx.com\/nota\/wp-json\/wp\/v2\/categories?post=14521"},{"taxonomy":"post_tag","embeddable":true,"href":"https:\/\/radiowebmx.com\/nota\/wp-json\/wp\/v2\/tags?post=14521"}],"curies":[{"name":"wp","href":"https:\/\/api.w.org\/{rel}","templated":true}]}}