{"id":14518,"date":"2015-04-13T12:54:28","date_gmt":"2015-04-13T17:54:28","guid":{"rendered":"https:\/\/radiowebmx.com\/nota\/?p=14518"},"modified":"2015-04-13T12:54:28","modified_gmt":"2015-04-13T17:54:28","slug":"partido-accion-nacional-comprometido-con-sector-migrante-sebastian-naranjo-blanco","status":"publish","type":"post","link":"https:\/\/radiowebmx.com\/nota\/partido-accion-nacional-comprometido-con-sector-migrante-sebastian-naranjo-blanco\/","title":{"rendered":"Partido Acci\u00f3n Nacional comprometido con sector migrante: Sebasti\u00e1n Naranjo Blanco"},"content":{"rendered":"<p>El diputado Jos\u00e9 Sebasti\u00e1n Naranjo Blanco celebra el trabajo que Acci\u00f3n Nacional ha realizado en pro de los migrantes, pero reconoce que \u201ca\u00fan falta camino por recorrer en busca de mejores oportunidades y mayores opciones que brinden una mejor calidad de vida a nuestros compatriotas que radican en el extranjero, por ser una de las principales fuentes econ\u00f3micas que cuenta el Estado, al posicionarse en el primer lugar en la Rep\u00fablica al captar m\u00e1s de 541 millones de d\u00f3lares en el 2014 como parte de las Remesas\u201d, se\u00f1al\u00f3.<\/p>\n<p>El Presidente de la Comisi\u00f3n de Puntos Constitucionales en el Congreso del Estado, destac\u00f3 que en el Partido Acci\u00f3n Nacional uno de los temas fundamentales ha sido el buscar el bien com\u00fan de la sociedad, sobre todo en los grupos vulnerables, tal es el caso de los migrantes michoacanos, \u201csector de suma importancia para la econom\u00eda de todo el pa\u00eds, ya que tan s\u00f3lo en el mes de enero del presente a\u00f1o\u00a0 el flujo de remesa que ingres\u00f3 a M\u00e9xico fue en total de mil 631 millones de d\u00f3lares, cifra importante para el desarrollo econ\u00f3mico del Pa\u00eds\u201d, manifest\u00f3.<\/p>\n<p>El legislador albiazul, destac\u00f3 que dichos datos reportados por el Banco de M\u00e9xico (Banxico), revelan una ca\u00edda de 0.7 por ciento respecto al mismo periodo en el 2014, lo que refleja la importancia de velar por el bienestar de los migrantes, \u201cquienes ya de por s\u00ed, tienen que enfrentar una vida diferente fuera de su n\u00facleo familiar, como para que las autoridades federales y estatales no les brinden herramientas necesarias para mejorar su situaci\u00f3n\u201d.<\/p>\n<p>En este tenor, el diputado albiazul resalt\u00f3 que por parte de Acci\u00f3n Nacional y en particular por los legisladores integrantes de la Septuag\u00e9sima Segunda Legislatura, una de estas acciones fue presentar ante el pleno en el mes de noviembre de 2013, la propuesta por la cual se reforman diversos art\u00edculos de la Constituci\u00f3n Pol\u00edtica del Estado, as\u00ed como tambi\u00e9n se adiciona un art\u00edculo al C\u00f3digo Electoral del Estado de Michoac\u00e1n, que tiene la intensi\u00f3n de garantizar los derechos pol\u00edtico electorales de los michoacanos que residen en el extranjero.<\/p>\n<p>\u201cDicha iniciativa, al igual que otras que se han presentado a nombre de la fracci\u00f3n en pro de los migrantes, sabiendo que debemos seguir trabajando en busca de mejores condiciones para este sector vulnerado, por lo que para el Partido Acci\u00f3n Nacional es y seguir\u00e1 siendo una prioridad el bienestar de los migrantes\u201d, enfatiz\u00f3.<\/p>\n<p>Finalmente, el tambi\u00e9n integrante de la Comisi\u00f3n de Justicia, refrend\u00f3 su compromiso con los michoacanos que radican en el extranjero, para continuar trabajando desde las trincheras del Poder Legislativo en la conformaci\u00f3n de mejores acciones, as\u00ed como implementaci\u00f3n de herramientas legales que ayuden a que los migrantes y sus familiares puedan tener una mejor condici\u00f3n de vida.<\/p>\n","protected":false},"excerpt":{"rendered":"<p>El diputado Jos\u00e9 Sebasti\u00e1n Naranjo Blanco celebra el trabajo que Acci\u00f3n Nacional ha realizado en pro de los migrantes, pero reconoce que \u201ca\u00fan falta camino por recorrer en busca de mejores oportunidades y mayores opciones que brinden una mejor calidad de vida a nuestros compatriotas que radican en el extranjero,<\/p>\n","protected":false},"author":1,"featured_media":14519,"comment_status":"open","ping_status":"open","sticky":false,"template":"","format":"standard","meta":{"footnotes":""},"categories":[14],"tags":[],"class_list":["post-14518","post","type-post","status-publish","format-standard","has-post-thumbnail","hentry","category-destacadas"],"_links":{"self":[{"href":"https:\/\/radiowebmx.com\/nota\/wp-json\/wp\/v2\/posts\/14518","targetHints":{"allow":["GET"]}}],"collection":[{"href":"https:\/\/radiowebmx.com\/nota\/wp-json\/wp\/v2\/posts"}],"about":[{"href":"https:\/\/radiowebmx.com\/nota\/wp-json\/wp\/v2\/types\/post"}],"author":[{"embeddable":true,"href":"https:\/\/radiowebmx.com\/nota\/wp-json\/wp\/v2\/users\/1"}],"replies":[{"embeddable":true,"href":"https:\/\/radiowebmx.com\/nota\/wp-json\/wp\/v2\/comments?post=14518"}],"version-history":[{"count":1,"href":"https:\/\/radiowebmx.com\/nota\/wp-json\/wp\/v2\/posts\/14518\/revisions"}],"predecessor-version":[{"id":14520,"href":"https:\/\/radiowebmx.com\/nota\/wp-json\/wp\/v2\/posts\/14518\/revisions\/14520"}],"wp:featuredmedia":[{"embeddable":true,"href":"https:\/\/radiowebmx.com\/nota\/wp-json\/wp\/v2\/media\/14519"}],"wp:attachment":[{"href":"https:\/\/radiowebmx.com\/nota\/wp-json\/wp\/v2\/media?parent=14518"}],"wp:term":[{"taxonomy":"category","embeddable":true,"href":"https:\/\/radiowebmx.com\/nota\/wp-json\/wp\/v2\/categories?post=14518"},{"taxonomy":"post_tag","embeddable":true,"href":"https:\/\/radiowebmx.com\/nota\/wp-json\/wp\/v2\/tags?post=14518"}],"curies":[{"name":"wp","href":"https:\/\/api.w.org\/{rel}","templated":true}]}}