{"id":14507,"date":"2015-04-10T15:46:56","date_gmt":"2015-04-10T20:46:56","guid":{"rendered":"https:\/\/radiowebmx.com\/nota\/?p=14507"},"modified":"2015-04-10T15:46:56","modified_gmt":"2015-04-10T20:46:56","slug":"impulso-a-la-produccion-agricola-y-agroindustrial-fue-la-propuesta-de-luisa-maria-calderon-hinojosa-en-zamora","status":"publish","type":"post","link":"https:\/\/radiowebmx.com\/nota\/impulso-a-la-produccion-agricola-y-agroindustrial-fue-la-propuesta-de-luisa-maria-calderon-hinojosa-en-zamora\/","title":{"rendered":"Impulso a la producci\u00f3n agr\u00edcola y agroindustrial fue la propuesta de Luisa Mar\u00eda Calder\u00f3n Hinojosa en Zamora"},"content":{"rendered":"<p>Dar apoyo a la infraestructura\u00a0agr\u00edcola\u00a0y agroindustrial, as\u00ed como transparentar los\u00a0recursos destinados para el sector para evitar el desv\u00edo de recursos y garantizar la seguridad de los habitantes de la regi\u00f3n, fue el compromiso de la candidata albiazul al gobierno del estado, Luisa Mar\u00eda Calder\u00f3n Hinojosa durante su visita al municipio de Zamora.<\/p>\n<p>&nbsp;<\/p>\n<p>Reunida con cientos de agricultores y productores de la regi\u00f3n, Calder\u00f3n Hinojosa, asegur\u00f3 que tendr\u00e1 Un Gobierno de Verdad, que ser\u00e1 acompa\u00f1ado por la ciudadan\u00eda.<\/p>\n<p>&nbsp;<\/p>\n<p>\u201cYo quiero que ustedes sean mis ojos, que caminen conmigo, que cuando llegue al gobierno revisen mi trabajo y lo\u00a0eval\u00faen, que conozcan el\u00a0recurso destinado para cada rubro y sepan en donde se aplico el recurso\u201d.<\/p>\n<p>&nbsp;<\/p>\n<p>En su mensaje reconoci\u00f3 el esfuerzo de productores y agricultores que han trabajado solidarios entre ellos pero en algunas ocasiones sin el acompa\u00f1amiento de los gobiernos \u201cUstedes han echo un excelente trabajo, pero yo quiero darles m\u00e1s impulso, m\u00e1s apoyo, m\u00e1s acompa\u00f1amiento, m\u00e1s atenci\u00f3n\u201d, dijo.<\/p>\n<p>&nbsp;<\/p>\n<p>En ese sentido expuso sera una gobernadora de verdad, transparente, honesta y cercana a la\u00a0ciudadan\u00eda, por lo que propuso\u00a0descentralizar las oficinas del gobierno del estado y establecer al menos una en cada regi\u00f3n del estado.<\/p>\n<p>&nbsp;<\/p>\n<p>Ademas expuso que modernizar\u00e1 los proceso de producci\u00f3n, que crear\u00e1 empacadoras y procesadoras y que dar\u00e1 valor agregado a los productos a fin de atraer al inversionista y mejorar la calidad de los productos que se cosechan en la zona zamorana.<\/p>\n<p>&nbsp;<\/p>\n<p>\u201cAqu\u00ed\u00a0tenemos el mejor ejemplo de capacidad para trabajar en equipo, porque independientemente si el gobierno funciona o no, ustedes producen y por eso yo quiero apoyarlos aun mas con un gobierno eficiente, transparente, que les garantice la seguridad y la justicia, pero que ademas trabaje en el tema del desarrollo social,\u00a0econ\u00f3mico\u00a0y sustentable\u201d, finaliz\u00f3.<\/p>\n","protected":false},"excerpt":{"rendered":"<p>Dar apoyo a la infraestructura agr\u00edcola y agroindustrial, as\u00ed como transparentar los recursos destinados para el sector para evitar el desv\u00edo de recursos y garantizar la seguridad de los habitantes de la regi\u00f3n, fue el compromiso de la candidata albiazul al gobierno del estado, LMCH durante su visita al municipio de Zamora.<\/p>\n","protected":false},"author":1,"featured_media":14508,"comment_status":"open","ping_status":"open","sticky":false,"template":"","format":"standard","meta":{"footnotes":""},"categories":[14,13,11],"tags":[],"class_list":["post-14507","post","type-post","status-publish","format-standard","has-post-thumbnail","hentry","category-destacadas","category-pan","category-partidos-politicos"],"_links":{"self":[{"href":"https:\/\/radiowebmx.com\/nota\/wp-json\/wp\/v2\/posts\/14507","targetHints":{"allow":["GET"]}}],"collection":[{"href":"https:\/\/radiowebmx.com\/nota\/wp-json\/wp\/v2\/posts"}],"about":[{"href":"https:\/\/radiowebmx.com\/nota\/wp-json\/wp\/v2\/types\/post"}],"author":[{"embeddable":true,"href":"https:\/\/radiowebmx.com\/nota\/wp-json\/wp\/v2\/users\/1"}],"replies":[{"embeddable":true,"href":"https:\/\/radiowebmx.com\/nota\/wp-json\/wp\/v2\/comments?post=14507"}],"version-history":[{"count":2,"href":"https:\/\/radiowebmx.com\/nota\/wp-json\/wp\/v2\/posts\/14507\/revisions"}],"predecessor-version":[{"id":14510,"href":"https:\/\/radiowebmx.com\/nota\/wp-json\/wp\/v2\/posts\/14507\/revisions\/14510"}],"wp:featuredmedia":[{"embeddable":true,"href":"https:\/\/radiowebmx.com\/nota\/wp-json\/wp\/v2\/media\/14508"}],"wp:attachment":[{"href":"https:\/\/radiowebmx.com\/nota\/wp-json\/wp\/v2\/media?parent=14507"}],"wp:term":[{"taxonomy":"category","embeddable":true,"href":"https:\/\/radiowebmx.com\/nota\/wp-json\/wp\/v2\/categories?post=14507"},{"taxonomy":"post_tag","embeddable":true,"href":"https:\/\/radiowebmx.com\/nota\/wp-json\/wp\/v2\/tags?post=14507"}],"curies":[{"name":"wp","href":"https:\/\/api.w.org\/{rel}","templated":true}]}}