{"id":14502,"date":"2015-04-10T15:40:04","date_gmt":"2015-04-10T20:40:04","guid":{"rendered":"https:\/\/radiowebmx.com\/nota\/?p=14502"},"modified":"2015-04-10T15:43:18","modified_gmt":"2015-04-10T20:43:18","slug":"ni-crimen-organizado-ni-guerra-sucia-detendran-el-proyecto-ganador-de-cocoa-pan","status":"publish","type":"post","link":"https:\/\/radiowebmx.com\/nota\/ni-crimen-organizado-ni-guerra-sucia-detendran-el-proyecto-ganador-de-cocoa-pan\/","title":{"rendered":"Ni crimen organizado ni guerra sucia detendr\u00e1n el proyecto ganador de \u201cCocoa\u201d: PAN"},"content":{"rendered":"<p>Tras asegurar que ni el crimen organizado ni la guerra sucia detendr\u00e1n el proyecto ganador de la abanderada albiazul al gobierno del estado, Luisa Mar\u00eda Calder\u00f3n Hinojosa, el Partido Acci\u00f3n Nacional (PAN), a trav\u00e9s de su dirigente estatal, Miguel \u00c1ngel Ch\u00e1vez Zavala, exhort\u00f3 a las autoridades y \u00f3rganos electorales a actuar en torno a la presencia de los primeros incidentes relacionados con los intentos de injerencia del crimen organizado en las campa\u00f1as as\u00ed como de guerra sucia en contra de candidatos, toda vez que ambos casos atentan contra el inter\u00e9s de la ciudadan\u00eda michoacana para ejercer su voto en condiciones democr\u00e1ticamente sanas.<\/p>\n<p>&nbsp;<\/p>\n<p>El presidente del Comit\u00e9 Directivo Estatal del blanquiazul se\u00f1al\u00f3 que es latente el riesgo de la injerencia del crimen organizado en las elecciones y ya se han presentado preocupantes incidentes, uno de ellos acontecido en el Oriente michoacano, donde en el municipio de Irimbo, a plena luz del d\u00eda dos veh\u00edculos con personas armadas retuvieron por una hora a quienes colocaban publicidad de la candidata del PAN a la gubernatura, Luisa Mar\u00eda Calder\u00f3n Hinojosa, amenaz\u00e1ndoles para que pararan su labor y retiraran la propaganda que hab\u00edan instalado.<\/p>\n<p>&nbsp;<\/p>\n<p>\u201cLa presencia de grupos armados que no son parte de los cuerpos de seguridad p\u00fablica, sin lugar a dudas es una se\u00f1al peligrosa para el proceso electoral que debe atender de manera urgente la autoridad correspondiente, as\u00ed como es un llamado a fortalecer la seguridad en el Oriente del estado, toda vez que aunque entendemos que el gobierno se haya concentrado en la estabilidad de la Tierra Caliente, habr\u00e1 que se\u00f1alar que no es la \u00fanica regi\u00f3n en donde hab\u00eda presencia de grupos delictivos, y es muy probable que sigan operando con un bajo perfil para tratar de incidir directa o indirectamente en el proceso electoral\u201d, alert\u00f3 el l\u00edder panista.<\/p>\n<p>&nbsp;<\/p>\n<p>Asimismo, en referencia a la reciente acusaci\u00f3n p\u00fablica de Silvano Aureoles sobre el presunto acercamiento que el crimen organizado est\u00e1 buscando con los candidatos perredistas, Ch\u00e1vez Zavala consider\u00f3 que los partidos y actores pol\u00edticos est\u00e1n obligados a denunciar con mucha seriedad y responsabilidad no s\u00f3lo medi\u00e1ticamente sino a aportarle a la autoridad los elementos que permitan hacer una profunda investigaci\u00f3n para ganarle la batalla a los delincuentes y criminales y empezar a delinear protocolos de seguridad en las regiones correspondientes.<\/p>\n<p>&nbsp;<\/p>\n<p>Por otra parte, el jefe del panismo michoacano se\u00f1al\u00f3 que luego de las lamentables pr\u00e1cticas de guerra sucia en contra de la abanderada albiazul a la gubernatura con la distribuci\u00f3n de volantes denostativos, Acci\u00f3n Nacional presentar\u00e1 una queja ante los \u00f3rganos electorales frente a esta reprobable t\u00e1ctica que perjudica al proceso electoral y constituye una provocaci\u00f3n a la que esta fuerza pol\u00edtica no caer\u00e1 ni responder\u00e1 de la misma manera.<\/p>\n<p>&nbsp;<\/p>\n<p>\u201cAl contrario, el PAN marcar\u00e1 la diferencia en estas campa\u00f1as con una actitud honorable, y como dirigente tengo la confianza de que la propuesta de \u2018Cocoa\u2019 Calder\u00f3n de un Gobierno de Verdad imperar\u00e1 entre la ciudadan\u00eda y cualquier tipo de \u2018guerra sucia\u2019 en su contra s\u00f3lo fortalecer\u00e1n sus posibilidades de ganar la gubernatura, porque la sociedad michoacana es lo suficientemente madura para reconocer que ha sido la \u00fanica candidata que defendi\u00f3 a los michoacanos del crimen organizado en los momentos m\u00e1s dif\u00edciles\u201d, explic\u00f3.<\/p>\n<p>&nbsp;<\/p>\n<p>Adem\u00e1s, puntualiz\u00f3 que conf\u00edan en que las autoridades en el tema, como la Fiscal\u00eda Especializada para la Atenci\u00f3n de Delitos Electorales (FEPADE) tanto a nivel nacional como su filial creada recientemente por la Procuradur\u00eda General de Justicia del Estado (PGJE), asumir\u00e1n su responsabilidad para investigar el autor de esta guerra sucia, mientras que por su parte, AN implementar\u00e1 tambi\u00e9n estrategias para identificar a los responsables, ya que \u201ces una llamada de atenci\u00f3n y se deben sancionar a quienes emplean este tipo de pr\u00e1cticas, en ese sentido, los partidos pol\u00edticos estamos obligados en no caer en este tipo de juegos ni provocaciones, porque seguramente hay intereses mezquinos para generar una confrontaci\u00f3n con estas caracter\u00edsticas y entre autores pol\u00edticos\u201d.<\/p>\n","protected":false},"excerpt":{"rendered":"<p>Tras asegurar que ni el crimen organizado ni la guerra sucia detendr\u00e1n el proyecto ganador de la abanderada albiazul al gobierno del estado, Luisa Mar\u00eda Calder\u00f3n Hinojosa, el Partido Acci\u00f3n Nacional (PAN), a trav\u00e9s de su dirigente estatal, Miguel \u00c1ngel Ch\u00e1vez Zavala,<\/p>\n","protected":false},"author":1,"featured_media":14505,"comment_status":"open","ping_status":"open","sticky":false,"template":"","format":"standard","meta":{"footnotes":""},"categories":[14,13,11],"tags":[],"class_list":["post-14502","post","type-post","status-publish","format-standard","has-post-thumbnail","hentry","category-destacadas","category-pan","category-partidos-politicos"],"_links":{"self":[{"href":"https:\/\/radiowebmx.com\/nota\/wp-json\/wp\/v2\/posts\/14502","targetHints":{"allow":["GET"]}}],"collection":[{"href":"https:\/\/radiowebmx.com\/nota\/wp-json\/wp\/v2\/posts"}],"about":[{"href":"https:\/\/radiowebmx.com\/nota\/wp-json\/wp\/v2\/types\/post"}],"author":[{"embeddable":true,"href":"https:\/\/radiowebmx.com\/nota\/wp-json\/wp\/v2\/users\/1"}],"replies":[{"embeddable":true,"href":"https:\/\/radiowebmx.com\/nota\/wp-json\/wp\/v2\/comments?post=14502"}],"version-history":[{"count":3,"href":"https:\/\/radiowebmx.com\/nota\/wp-json\/wp\/v2\/posts\/14502\/revisions"}],"predecessor-version":[{"id":14504,"href":"https:\/\/radiowebmx.com\/nota\/wp-json\/wp\/v2\/posts\/14502\/revisions\/14504"}],"wp:featuredmedia":[{"embeddable":true,"href":"https:\/\/radiowebmx.com\/nota\/wp-json\/wp\/v2\/media\/14505"}],"wp:attachment":[{"href":"https:\/\/radiowebmx.com\/nota\/wp-json\/wp\/v2\/media?parent=14502"}],"wp:term":[{"taxonomy":"category","embeddable":true,"href":"https:\/\/radiowebmx.com\/nota\/wp-json\/wp\/v2\/categories?post=14502"},{"taxonomy":"post_tag","embeddable":true,"href":"https:\/\/radiowebmx.com\/nota\/wp-json\/wp\/v2\/tags?post=14502"}],"curies":[{"name":"wp","href":"https:\/\/api.w.org\/{rel}","templated":true}]}}